{"id":10240,"date":"2025-10-09T10:43:21","date_gmt":"2025-10-09T10:43:21","guid":{"rendered":"https:\/\/www.acib.pt\/?p=10240"},"modified":"2025-10-09T11:14:50","modified_gmt":"2025-10-09T11:14:50","slug":"aceledaroras-digitais-apoios-de-500-a-1-500-para-a-digitalizacao-do-comercio-e-servicos","status":"publish","type":"post","link":"https:\/\/www.acib.pt\/index.php\/2025\/10\/09\/aceledaroras-digitais-apoios-de-500-a-1-500-para-a-digitalizacao-do-comercio-e-servicos\/","title":{"rendered":"ACELERADORAS DIGITAIS &#8211; Apoios de 500\u20ac a 1.500\u20ac  para a Digitaliza\u00e7\u00e3o do Comercio e Servi\u00e7os"},"content":{"rendered":"\t\t<div data-elementor-type=\"wp-post\" data-elementor-id=\"10240\" class=\"elementor elementor-10240\">\n\t\t\t\t\t\t<section class=\"elementor-section elementor-top-section elementor-element elementor-element-2b6f93a elementor-section-boxed elementor-section-height-default elementor-section-height-default\" data-id=\"2b6f93a\" data-element_type=\"section\">\n\t\t\t\t\t\t<div class=\"elementor-container elementor-column-gap-default\">\n\t\t\t\t\t<div class=\"elementor-column elementor-col-100 elementor-top-column elementor-element elementor-element-1cfc38c\" data-id=\"1cfc38c\" data-element_type=\"column\">\n\t\t\t<div class=\"elementor-widget-wrap elementor-element-populated\">\n\t\t\t\t\t\t<div class=\"elementor-element elementor-element-6d050f4 elementor-widget elementor-widget-heading\" data-id=\"6d050f4\" data-element_type=\"widget\" data-widget_type=\"heading.default\">\n\t\t\t\t<div class=\"elementor-widget-container\">\n\t\t\t\t\t<h2 class=\"elementor-heading-title elementor-size-default\">ACELERADORAS DIGITAIS - Apoios de 500\u20ac a 1.500\u20ac  para a Digitaliza\u00e7\u00e3o do Comercio e Servi\u00e7os<\/h2>\t\t\t\t<\/div>\n\t\t\t\t<\/div>\n\t\t\t\t\t<\/div>\n\t\t<\/div>\n\t\t\t\t\t<\/div>\n\t\t<\/section>\n\t\t\t\t<section class=\"elementor-section elementor-top-section elementor-element elementor-element-14af043 elementor-section-boxed elementor-section-height-default elementor-section-height-default\" data-id=\"14af043\" data-element_type=\"section\">\n\t\t\t\t\t\t<div class=\"elementor-container elementor-column-gap-default\">\n\t\t\t\t\t<div class=\"elementor-column elementor-col-100 elementor-top-column elementor-element elementor-element-be84453\" data-id=\"be84453\" data-element_type=\"column\">\n\t\t\t<div class=\"elementor-widget-wrap\">\n\t\t\t\t\t\t\t<\/div>\n\t\t<\/div>\n\t\t\t\t\t<\/div>\n\t\t<\/section>\n\t\t\t\t<section class=\"elementor-section elementor-top-section elementor-element elementor-element-25f897e elementor-section-boxed elementor-section-height-default elementor-section-height-default\" data-id=\"25f897e\" data-element_type=\"section\">\n\t\t\t\t\t\t<div class=\"elementor-container elementor-column-gap-default\">\n\t\t\t\t\t<div class=\"elementor-column elementor-col-100 elementor-top-column elementor-element elementor-element-53d456b\" data-id=\"53d456b\" data-element_type=\"column\">\n\t\t\t<div class=\"elementor-widget-wrap elementor-element-populated\">\n\t\t\t\t\t\t<div class=\"elementor-element elementor-element-00bd7dc elementor-widget-divider--view-line elementor-widget elementor-widget-divider\" data-id=\"00bd7dc\" data-element_type=\"widget\" data-widget_type=\"divider.default\">\n\t\t\t\t<div class=\"elementor-widget-container\">\n\t\t\t\t\t\t\t<div class=\"elementor-divider\">\n\t\t\t<span class=\"elementor-divider-separator\">\n\t\t\t\t\t\t<\/span>\n\t\t<\/div>\n\t\t\t\t\t\t<\/div>\n\t\t\t\t<\/div>\n\t\t\t\t<div class=\"elementor-element elementor-element-45a9743 elementor-widget elementor-widget-image\" data-id=\"45a9743\" data-element_type=\"widget\" data-widget_type=\"image.default\">\n\t\t\t\t<div class=\"elementor-widget-container\">\n\t\t\t\t\t\t\t\t\t\t\t\t\t\t\t<img fetchpriority=\"high\" decoding=\"async\" width=\"768\" height=\"432\" src=\"https:\/\/www.acib.pt\/wp-content\/uploads\/2025\/10\/ACIB-Bairrada-768x432.jpg\" class=\"attachment-medium_large size-medium_large wp-image-10247\" alt=\"Associa\u00e7\u00e3o Comercial e Industrial da Bairrada\" srcset=\"https:\/\/www.acib.pt\/wp-content\/uploads\/2025\/10\/ACIB-Bairrada-768x432.jpg 768w, https:\/\/www.acib.pt\/wp-content\/uploads\/2025\/10\/ACIB-Bairrada-300x169.jpg 300w, https:\/\/www.acib.pt\/wp-content\/uploads\/2025\/10\/ACIB-Bairrada-1024x576.jpg 1024w, https:\/\/www.acib.pt\/wp-content\/uploads\/2025\/10\/ACIB-Bairrada-1536x864.jpg 1536w, https:\/\/www.acib.pt\/wp-content\/uploads\/2025\/10\/ACIB-Bairrada.jpg 1920w\" sizes=\"(max-width: 768px) 100vw, 768px\" \/>\t\t\t\t\t\t\t\t\t\t\t\t\t\t\t<\/div>\n\t\t\t\t<\/div>\n\t\t\t\t<div class=\"elementor-element elementor-element-5558018 elementor-widget elementor-widget-text-editor\" data-id=\"5558018\" data-element_type=\"widget\" data-widget_type=\"text-editor.default\">\n\t\t\t\t<div class=\"elementor-widget-container\">\n\t\t\t\t\t\t\t\t\t<p>&nbsp;<b style=\"font-size: 1rem;\">Apoios para a Digitaliza\u00e7\u00e3o do Com\u00e9rcio e Servi\u00e7os<\/b><\/p>\n<p>O projeto &#8216;ACELERAR 2030 \u2013 Para um Centro + Digital&#8217; <b>apoia&nbsp;os empres\u00e1rios do com\u00e9rcio, servi\u00e7os e restaura\u00e7\u00e3o<\/b> do Centro de Portugal na&nbsp;capacita\u00e7\u00e3o dos seus neg\u00f3cios para a transi\u00e7\u00e3o digital, contribuindo para o&nbsp;aumento da competitividade do tecido econ\u00f3mico da regi\u00e3o.<\/p>\n<p>&nbsp;<span style=\"font-size: 1rem;\">A miss\u00e3o do projeto \u00e9 facilitar a ado\u00e7\u00e3o de ferramentas e&nbsp;<\/span><span style=\"font-size: 1rem;\">solu\u00e7\u00f5es digitais que permitam \u00e0s empresas atrair novos clientes, aumentar as&nbsp;<\/span><span style=\"font-size: 1rem;\">vendas e simplificar processos por forma a fazer crescer o seu neg\u00f3cio.&nbsp;<\/span><\/p>\n<p>&nbsp;<span style=\"font-size: 1rem;\">O PROJETO DISPONIBILIZA:<\/span><\/p>\n<p>\u2022&nbsp;Ferramentas para avaliar o n\u00edvel de maturidade digital do neg\u00f3cio<\/p>\n<p>\u2022&nbsp;<b>Vouchers de 500\u20ac at\u00e9 1 500\u20ac<\/b> para acesso a servi\u00e7os de transi\u00e7\u00e3o digital<br>indicados no Cat\u00e1logo de Servi\u00e7os para a Transi\u00e7\u00e3o Digital, tais como:<\/p>\n<ul style=\"margin-top: 0cm;\" type=\"disc\">\n<li style=\"margin-left: 17.4pt; mso-list: l0 level1 lfo1; tab-stops: list 53.4pt;\">Cria\u00e7\u00e3o<br>de sites e presen\u00e7a digital<\/li>\n<li style=\"margin-left: 17.4pt; mso-list: l0 level1 lfo1; tab-stops: list 53.4pt;\">Solu\u00e7\u00f5es<br>de software<\/li>\n<li style=\"margin-left: 17.4pt; mso-list: l0 level1 lfo1; tab-stops: list 53.4pt;\">Dinamiza\u00e7\u00e3o<br>de redes sociais<\/li>\n<li style=\"margin-left: 17.4pt; mso-list: l0 level1 lfo1; tab-stops: list 53.4pt;\">Marketing<br>digital e publicidade online<\/li>\n<li style=\"margin-left: 17.4pt; mso-list: l0 level1 lfo1; tab-stops: list 53.4pt;\">Solu\u00e7\u00f5es<br>de e-commerce e CRM<\/li>\n<li style=\"margin-left: 17.4pt; mso-list: l0 level1 lfo1; tab-stops: list 53.4pt;\">Ferramentas<br>de gest\u00e3o e business intelligence<\/li>\n<li style=\"margin-left: 17.4pt; mso-list: l0 level1 lfo1; tab-stops: list 53.4pt;\">Licen\u00e7as<\/li>\n<li style=\"margin-left: 17.4pt; mso-list: l0 level1 lfo1; tab-stops: list 53.4pt;\">Ciberseguran\u00e7a<br>e prote\u00e7\u00e3o de dados, entre outros<\/li>\n<\/ul>\n<p><span style=\"font-size: 1rem;\"><br><\/span><\/p><p><span style=\"font-size: 1rem;\">REQUISITOS DE ELEGIBILIDADE:<\/span><\/p>\n<p>\u2022&nbsp;Ser uma micro ou PME do com\u00e9rcio, servi\u00e7os pessoais, restaura\u00e7\u00e3o e similares,<br>com a situa\u00e7\u00e3o regularizada perante as finan\u00e7as e seguran\u00e7a social<\/p>\n<p>\u2022&nbsp;Ter atividade principal enquadr\u00e1vel nos CAEs: 45, 46, 47, 56, 79, 95, 96&nbsp;<\/p>\n<p>Tendo em conta que para usufruir desta medida as empresas&nbsp;tem que, obrigatoriamente, de preencher o <b>DIAGN\u00d3STICO DE MATURIDADE DIGITAL<\/b>,&nbsp;dispon\u00edvel&nbsp;<a href=\"https:\/\/docs.google.com\/forms\/d\/e\/1FAIpQLSebMWuL25878tfqbVfVx_BvRBzxm-hzF0giLMr0sMDNPH1pyg\/viewform?usp=header\" target=\"_blank\" rel=\"noopener\">AQUI<\/a>, aconselhamos desde j\u00e1 as empresas a preencher o mesmo.<\/p><p>Ap\u00f3s esse passo, a ACIB enviar\u00e1 \u00e0s empresas, via mail, o\nrespetivo <b>Relat\u00f3rio de Maturidade Digital<\/b> gerado e entrar\u00e1 em contacto\nno sentido de solicitar a documenta\u00e7\u00e3o necess\u00e1ria \u00e0 agilizar da atribui\u00e7\u00e3o dos <b>Vouchers<\/b>,\ncaso a empresa cumpra os requisitos e tenha interesse nos mesmos.<o:p><\/o:p><\/p><p><o:p>&nbsp;<\/o:p><span style=\"font-size: 1rem;\">Documenta\u00e7\u00e3o:<\/span><\/p><p>&#8211; <b>Certid\u00e3o de N\u00e3o Divida \u00e0 Seguran\u00e7a;<\/b><o:p><\/o:p><\/p><p><b>&#8211; Certid\u00e3o de N\u00e3o Divida \u00e0s Finan\u00e7as<\/b>;<o:p><\/o:p><\/p><p><b>&#8211; Certificado PME v\u00e1lido<\/b> (se n\u00e3o tem, podem obter em <a href=\"https:\/\/www.iapmei.pt\/Paginas\/Certificacao-PME-Area-Empresa.aspx\"><span style=\"font-family:&quot;Times New Roman&quot;,serif\">https:\/\/www.iapmei.pt\/Paginas\/Certificacao-PME-Area-Empresa.aspx<\/span><\/a>)<o:p><\/o:p><\/p><p><b>&#8211; C\u00f3pia da Certid\u00e3o permanente ou c\u00f3digo de Acesso \u00e0\nmesma<o:p><\/o:p><\/b><\/p><p><b>&#8211; Nome e NIF do respons\u00e1vel da empresa<o:p><\/o:p><\/b><\/p><p><o:p>&nbsp;<\/o:p><\/p><p><o:p>&nbsp;<\/o:p><span style=\"font-size: 1rem;\">Para mais informa\u00e7\u00f5es, contactar a ACIB atrav\u00e9s dos\ntelefones 234&nbsp;730&nbsp;320 \/\/ 231516761&nbsp; e\/ou do email:&nbsp;<\/span><a href=\"mailto:acelerar_acib@acelerar2030.pt\" target=\"_blank\" style=\"background-color: rgb(255, 255, 255); font-size: 1rem;\">acelerar_acib@acelerar2030.pt<\/a><\/p>\t\t\t\t\t\t\t\t<\/div>\n\t\t\t\t<\/div>\n\t\t\t\t\t<\/div>\n\t\t<\/div>\n\t\t\t\t\t<\/div>\n\t\t<\/section>\n\t\t\t\t<\/div>\n\t\t","protected":false},"excerpt":{"rendered":"<p>O projeto &#8216;ACELERAR 2030 \u2013 Para um Centro + Digital&#8217; apoia os empres\u00e1rios do com\u00e9rcio, servi\u00e7os e restaura\u00e7\u00e3o do Centro de Portugal na capacita\u00e7\u00e3o dos seus neg\u00f3cios para a transi\u00e7\u00e3o digital, contribuindo para o aumento da competitividade do tecido econ\u00f3mico da regi\u00e3o.<\/p>\n","protected":false},"author":7,"featured_media":10247,"comment_status":"closed","ping_status":"closed","sticky":false,"template":"","format":"standard","meta":{"footnotes":""},"categories":[6],"tags":[14],"class_list":["post-10240","post","type-post","status-publish","format-standard","has-post-thumbnail","hentry","category-noticias","tag-noticias"],"yoast_head":"<!-- This site is optimized with the Yoast SEO plugin v26.1.1 - https:\/\/yoast.com\/wordpress\/plugins\/seo\/ -->\n<title>ACELERADORAS DIGITAIS - Apoios de 500\u20ac a 1.500\u20ac para a Digitaliza\u00e7\u00e3o do Comercio e Servi\u00e7os - ACIB - Associa\u00e7\u00e3o Comercial e Industrial da Bairrada<\/title>\n<meta name=\"robots\" content=\"index, follow, max-snippet:-1, max-image-preview:large, max-video-preview:-1\" \/>\n<link rel=\"canonical\" href=\"https:\/\/www.acib.pt\/index.php\/2025\/10\/09\/aceledaroras-digitais-apoios-de-500-a-1-500-para-a-digitalizacao-do-comercio-e-servicos\/\" \/>\n<meta property=\"og:locale\" content=\"pt_PT\" \/>\n<meta property=\"og:type\" content=\"article\" \/>\n<meta property=\"og:title\" content=\"ACELERADORAS DIGITAIS - Apoios de 500\u20ac a 1.500\u20ac para a Digitaliza\u00e7\u00e3o do Comercio e Servi\u00e7os - ACIB - Associa\u00e7\u00e3o Comercial e Industrial da Bairrada\" \/>\n<meta property=\"og:description\" content=\"O projeto &#039;ACELERAR 2030 \u2013 Para um Centro + Digital&#039; apoia os empres\u00e1rios do com\u00e9rcio, servi\u00e7os e restaura\u00e7\u00e3o do Centro de Portugal na capacita\u00e7\u00e3o dos seus neg\u00f3cios para a transi\u00e7\u00e3o digital, contribuindo para o aumento da competitividade do tecido econ\u00f3mico da regi\u00e3o.\" \/>\n<meta property=\"og:url\" content=\"https:\/\/www.acib.pt\/index.php\/2025\/10\/09\/aceledaroras-digitais-apoios-de-500-a-1-500-para-a-digitalizacao-do-comercio-e-servicos\/\" \/>\n<meta property=\"og:site_name\" content=\"ACIB - Associa\u00e7\u00e3o Comercial e Industrial da Bairrada\" \/>\n<meta property=\"article:published_time\" content=\"2025-10-09T10:43:21+00:00\" \/>\n<meta property=\"article:modified_time\" content=\"2025-10-09T11:14:50+00:00\" \/>\n<meta property=\"og:image\" content=\"https:\/\/www.acib.pt\/wp-content\/uploads\/2025\/10\/ACIB-Bairrada.jpg\" \/>\n\t<meta property=\"og:image:width\" content=\"1920\" \/>\n\t<meta property=\"og:image:height\" content=\"1080\" \/>\n\t<meta property=\"og:image:type\" content=\"image\/jpeg\" \/>\n<meta name=\"author\" content=\"gestoradmin\" \/>\n<meta name=\"twitter:card\" content=\"summary_large_image\" \/>\n<meta name=\"twitter:label1\" content=\"Escrito por\" \/>\n\t<meta name=\"twitter:data1\" content=\"gestoradmin\" \/>\n\t<meta name=\"twitter:label2\" content=\"Tempo estimado de leitura\" \/>\n\t<meta name=\"twitter:data2\" content=\"2 minutos\" \/>\n<script type=\"application\/ld+json\" class=\"yoast-schema-graph\">{\"@context\":\"https:\/\/schema.org\",\"@graph\":[{\"@type\":\"Article\",\"@id\":\"https:\/\/www.acib.pt\/index.php\/2025\/10\/09\/aceledaroras-digitais-apoios-de-500-a-1-500-para-a-digitalizacao-do-comercio-e-servicos\/#article\",\"isPartOf\":{\"@id\":\"https:\/\/www.acib.pt\/index.php\/2025\/10\/09\/aceledaroras-digitais-apoios-de-500-a-1-500-para-a-digitalizacao-do-comercio-e-servicos\/\"},\"author\":{\"name\":\"gestoradmin\",\"@id\":\"https:\/\/www.acib.pt\/#\/schema\/person\/7932fd8ebb883963fd1e8040d913cc2b\"},\"headline\":\"ACELERADORAS DIGITAIS &#8211; Apoios de 500\u20ac a 1.500\u20ac para a Digitaliza\u00e7\u00e3o do Comercio e Servi\u00e7os\",\"datePublished\":\"2025-10-09T10:43:21+00:00\",\"dateModified\":\"2025-10-09T11:14:50+00:00\",\"mainEntityOfPage\":{\"@id\":\"https:\/\/www.acib.pt\/index.php\/2025\/10\/09\/aceledaroras-digitais-apoios-de-500-a-1-500-para-a-digitalizacao-do-comercio-e-servicos\/\"},\"wordCount\":430,\"publisher\":{\"@id\":\"https:\/\/www.acib.pt\/#organization\"},\"image\":{\"@id\":\"https:\/\/www.acib.pt\/index.php\/2025\/10\/09\/aceledaroras-digitais-apoios-de-500-a-1-500-para-a-digitalizacao-do-comercio-e-servicos\/#primaryimage\"},\"thumbnailUrl\":\"https:\/\/www.acib.pt\/wp-content\/uploads\/2025\/10\/ACIB-Bairrada.jpg\",\"keywords\":[\"Noticias\"],\"articleSection\":[\"Not\u00edcias\"],\"inLanguage\":\"pt-PT\"},{\"@type\":\"WebPage\",\"@id\":\"https:\/\/www.acib.pt\/index.php\/2025\/10\/09\/aceledaroras-digitais-apoios-de-500-a-1-500-para-a-digitalizacao-do-comercio-e-servicos\/\",\"url\":\"https:\/\/www.acib.pt\/index.php\/2025\/10\/09\/aceledaroras-digitais-apoios-de-500-a-1-500-para-a-digitalizacao-do-comercio-e-servicos\/\",\"name\":\"ACELERADORAS DIGITAIS - Apoios de 500\u20ac a 1.500\u20ac para a Digitaliza\u00e7\u00e3o do Comercio e Servi\u00e7os - ACIB - Associa\u00e7\u00e3o Comercial e Industrial da Bairrada\",\"isPartOf\":{\"@id\":\"https:\/\/www.acib.pt\/#website\"},\"primaryImageOfPage\":{\"@id\":\"https:\/\/www.acib.pt\/index.php\/2025\/10\/09\/aceledaroras-digitais-apoios-de-500-a-1-500-para-a-digitalizacao-do-comercio-e-servicos\/#primaryimage\"},\"image\":{\"@id\":\"https:\/\/www.acib.pt\/index.php\/2025\/10\/09\/aceledaroras-digitais-apoios-de-500-a-1-500-para-a-digitalizacao-do-comercio-e-servicos\/#primaryimage\"},\"thumbnailUrl\":\"https:\/\/www.acib.pt\/wp-content\/uploads\/2025\/10\/ACIB-Bairrada.jpg\",\"datePublished\":\"2025-10-09T10:43:21+00:00\",\"dateModified\":\"2025-10-09T11:14:50+00:00\",\"breadcrumb\":{\"@id\":\"https:\/\/www.acib.pt\/index.php\/2025\/10\/09\/aceledaroras-digitais-apoios-de-500-a-1-500-para-a-digitalizacao-do-comercio-e-servicos\/#breadcrumb\"},\"inLanguage\":\"pt-PT\",\"potentialAction\":[{\"@type\":\"ReadAction\",\"target\":[\"https:\/\/www.acib.pt\/index.php\/2025\/10\/09\/aceledaroras-digitais-apoios-de-500-a-1-500-para-a-digitalizacao-do-comercio-e-servicos\/\"]}]},{\"@type\":\"ImageObject\",\"inLanguage\":\"pt-PT\",\"@id\":\"https:\/\/www.acib.pt\/index.php\/2025\/10\/09\/aceledaroras-digitais-apoios-de-500-a-1-500-para-a-digitalizacao-do-comercio-e-servicos\/#primaryimage\",\"url\":\"https:\/\/www.acib.pt\/wp-content\/uploads\/2025\/10\/ACIB-Bairrada.jpg\",\"contentUrl\":\"https:\/\/www.acib.pt\/wp-content\/uploads\/2025\/10\/ACIB-Bairrada.jpg\",\"width\":1920,\"height\":1080,\"caption\":\"Associa\u00e7\u00e3o Comercial e Industrial da Bairrada\"},{\"@type\":\"BreadcrumbList\",\"@id\":\"https:\/\/www.acib.pt\/index.php\/2025\/10\/09\/aceledaroras-digitais-apoios-de-500-a-1-500-para-a-digitalizacao-do-comercio-e-servicos\/#breadcrumb\",\"itemListElement\":[{\"@type\":\"ListItem\",\"position\":1,\"name\":\"In\u00edcio\",\"item\":\"https:\/\/www.acib.pt\/\"},{\"@type\":\"ListItem\",\"position\":2,\"name\":\"ACELERADORAS DIGITAIS &#8211; Apoios de 500\u20ac a 1.500\u20ac para a Digitaliza\u00e7\u00e3o do Comercio e Servi\u00e7os\"}]},{\"@type\":\"WebSite\",\"@id\":\"https:\/\/www.acib.pt\/#website\",\"url\":\"https:\/\/www.acib.pt\/\",\"name\":\"ACIB - Associa\u00e7\u00e3o Comercial e Industrial da Bairrada\",\"description\":\"\",\"publisher\":{\"@id\":\"https:\/\/www.acib.pt\/#organization\"},\"potentialAction\":[{\"@type\":\"SearchAction\",\"target\":{\"@type\":\"EntryPoint\",\"urlTemplate\":\"https:\/\/www.acib.pt\/?s={search_term_string}\"},\"query-input\":{\"@type\":\"PropertyValueSpecification\",\"valueRequired\":true,\"valueName\":\"search_term_string\"}}],\"inLanguage\":\"pt-PT\"},{\"@type\":\"Organization\",\"@id\":\"https:\/\/www.acib.pt\/#organization\",\"name\":\"ACIB - Associa\u00e7\u00e3o Comercial e Industrial da Bairrada\",\"url\":\"https:\/\/www.acib.pt\/\",\"logo\":{\"@type\":\"ImageObject\",\"inLanguage\":\"pt-PT\",\"@id\":\"https:\/\/www.acib.pt\/#\/schema\/logo\/image\/\",\"url\":\"https:\/\/www.acib.pt\/wp-content\/uploads\/2022\/05\/logo-header.png\",\"contentUrl\":\"https:\/\/www.acib.pt\/wp-content\/uploads\/2022\/05\/logo-header.png\",\"width\":566,\"height\":800,\"caption\":\"ACIB - Associa\u00e7\u00e3o Comercial e Industrial da Bairrada\"},\"image\":{\"@id\":\"https:\/\/www.acib.pt\/#\/schema\/logo\/image\/\"}},{\"@type\":\"Person\",\"@id\":\"https:\/\/www.acib.pt\/#\/schema\/person\/7932fd8ebb883963fd1e8040d913cc2b\",\"name\":\"gestoradmin\",\"url\":\"https:\/\/www.acib.pt\/index.php\/author\/gestoradmin\/\"}]}<\/script>\n<!-- \/ Yoast SEO plugin. -->","yoast_head_json":{"title":"ACELERADORAS DIGITAIS - Apoios de 500\u20ac a 1.500\u20ac para a Digitaliza\u00e7\u00e3o do Comercio e Servi\u00e7os - ACIB - Associa\u00e7\u00e3o Comercial e Industrial da Bairrada","robots":{"index":"index","follow":"follow","max-snippet":"max-snippet:-1","max-image-preview":"max-image-preview:large","max-video-preview":"max-video-preview:-1"},"canonical":"https:\/\/www.acib.pt\/index.php\/2025\/10\/09\/aceledaroras-digitais-apoios-de-500-a-1-500-para-a-digitalizacao-do-comercio-e-servicos\/","og_locale":"pt_PT","og_type":"article","og_title":"ACELERADORAS DIGITAIS - Apoios de 500\u20ac a 1.500\u20ac para a Digitaliza\u00e7\u00e3o do Comercio e Servi\u00e7os - ACIB - Associa\u00e7\u00e3o Comercial e Industrial da Bairrada","og_description":"O projeto 'ACELERAR 2030 \u2013 Para um Centro + Digital' apoia os empres\u00e1rios do com\u00e9rcio, servi\u00e7os e restaura\u00e7\u00e3o do Centro de Portugal na capacita\u00e7\u00e3o dos seus neg\u00f3cios para a transi\u00e7\u00e3o digital, contribuindo para o aumento da competitividade do tecido econ\u00f3mico da regi\u00e3o.","og_url":"https:\/\/www.acib.pt\/index.php\/2025\/10\/09\/aceledaroras-digitais-apoios-de-500-a-1-500-para-a-digitalizacao-do-comercio-e-servicos\/","og_site_name":"ACIB - Associa\u00e7\u00e3o Comercial e Industrial da Bairrada","article_published_time":"2025-10-09T10:43:21+00:00","article_modified_time":"2025-10-09T11:14:50+00:00","og_image":[{"width":1920,"height":1080,"url":"https:\/\/www.acib.pt\/wp-content\/uploads\/2025\/10\/ACIB-Bairrada.jpg","type":"image\/jpeg"}],"author":"gestoradmin","twitter_card":"summary_large_image","twitter_misc":{"Escrito por":"gestoradmin","Tempo estimado de leitura":"2 minutos"},"schema":{"@context":"https:\/\/schema.org","@graph":[{"@type":"Article","@id":"https:\/\/www.acib.pt\/index.php\/2025\/10\/09\/aceledaroras-digitais-apoios-de-500-a-1-500-para-a-digitalizacao-do-comercio-e-servicos\/#article","isPartOf":{"@id":"https:\/\/www.acib.pt\/index.php\/2025\/10\/09\/aceledaroras-digitais-apoios-de-500-a-1-500-para-a-digitalizacao-do-comercio-e-servicos\/"},"author":{"name":"gestoradmin","@id":"https:\/\/www.acib.pt\/#\/schema\/person\/7932fd8ebb883963fd1e8040d913cc2b"},"headline":"ACELERADORAS DIGITAIS &#8211; Apoios de 500\u20ac a 1.500\u20ac para a Digitaliza\u00e7\u00e3o do Comercio e Servi\u00e7os","datePublished":"2025-10-09T10:43:21+00:00","dateModified":"2025-10-09T11:14:50+00:00","mainEntityOfPage":{"@id":"https:\/\/www.acib.pt\/index.php\/2025\/10\/09\/aceledaroras-digitais-apoios-de-500-a-1-500-para-a-digitalizacao-do-comercio-e-servicos\/"},"wordCount":430,"publisher":{"@id":"https:\/\/www.acib.pt\/#organization"},"image":{"@id":"https:\/\/www.acib.pt\/index.php\/2025\/10\/09\/aceledaroras-digitais-apoios-de-500-a-1-500-para-a-digitalizacao-do-comercio-e-servicos\/#primaryimage"},"thumbnailUrl":"https:\/\/www.acib.pt\/wp-content\/uploads\/2025\/10\/ACIB-Bairrada.jpg","keywords":["Noticias"],"articleSection":["Not\u00edcias"],"inLanguage":"pt-PT"},{"@type":"WebPage","@id":"https:\/\/www.acib.pt\/index.php\/2025\/10\/09\/aceledaroras-digitais-apoios-de-500-a-1-500-para-a-digitalizacao-do-comercio-e-servicos\/","url":"https:\/\/www.acib.pt\/index.php\/2025\/10\/09\/aceledaroras-digitais-apoios-de-500-a-1-500-para-a-digitalizacao-do-comercio-e-servicos\/","name":"ACELERADORAS DIGITAIS - Apoios de 500\u20ac a 1.500\u20ac para a Digitaliza\u00e7\u00e3o do Comercio e Servi\u00e7os - ACIB - Associa\u00e7\u00e3o Comercial e Industrial da Bairrada","isPartOf":{"@id":"https:\/\/www.acib.pt\/#website"},"primaryImageOfPage":{"@id":"https:\/\/www.acib.pt\/index.php\/2025\/10\/09\/aceledaroras-digitais-apoios-de-500-a-1-500-para-a-digitalizacao-do-comercio-e-servicos\/#primaryimage"},"image":{"@id":"https:\/\/www.acib.pt\/index.php\/2025\/10\/09\/aceledaroras-digitais-apoios-de-500-a-1-500-para-a-digitalizacao-do-comercio-e-servicos\/#primaryimage"},"thumbnailUrl":"https:\/\/www.acib.pt\/wp-content\/uploads\/2025\/10\/ACIB-Bairrada.jpg","datePublished":"2025-10-09T10:43:21+00:00","dateModified":"2025-10-09T11:14:50+00:00","breadcrumb":{"@id":"https:\/\/www.acib.pt\/index.php\/2025\/10\/09\/aceledaroras-digitais-apoios-de-500-a-1-500-para-a-digitalizacao-do-comercio-e-servicos\/#breadcrumb"},"inLanguage":"pt-PT","potentialAction":[{"@type":"ReadAction","target":["https:\/\/www.acib.pt\/index.php\/2025\/10\/09\/aceledaroras-digitais-apoios-de-500-a-1-500-para-a-digitalizacao-do-comercio-e-servicos\/"]}]},{"@type":"ImageObject","inLanguage":"pt-PT","@id":"https:\/\/www.acib.pt\/index.php\/2025\/10\/09\/aceledaroras-digitais-apoios-de-500-a-1-500-para-a-digitalizacao-do-comercio-e-servicos\/#primaryimage","url":"https:\/\/www.acib.pt\/wp-content\/uploads\/2025\/10\/ACIB-Bairrada.jpg","contentUrl":"https:\/\/www.acib.pt\/wp-content\/uploads\/2025\/10\/ACIB-Bairrada.jpg","width":1920,"height":1080,"caption":"Associa\u00e7\u00e3o Comercial e Industrial da Bairrada"},{"@type":"BreadcrumbList","@id":"https:\/\/www.acib.pt\/index.php\/2025\/10\/09\/aceledaroras-digitais-apoios-de-500-a-1-500-para-a-digitalizacao-do-comercio-e-servicos\/#breadcrumb","itemListElement":[{"@type":"ListItem","position":1,"name":"In\u00edcio","item":"https:\/\/www.acib.pt\/"},{"@type":"ListItem","position":2,"name":"ACELERADORAS DIGITAIS &#8211; Apoios de 500\u20ac a 1.500\u20ac para a Digitaliza\u00e7\u00e3o do Comercio e Servi\u00e7os"}]},{"@type":"WebSite","@id":"https:\/\/www.acib.pt\/#website","url":"https:\/\/www.acib.pt\/","name":"ACIB - Associa\u00e7\u00e3o Comercial e Industrial da Bairrada","description":"","publisher":{"@id":"https:\/\/www.acib.pt\/#organization"},"potentialAction":[{"@type":"SearchAction","target":{"@type":"EntryPoint","urlTemplate":"https:\/\/www.acib.pt\/?s={search_term_string}"},"query-input":{"@type":"PropertyValueSpecification","valueRequired":true,"valueName":"search_term_string"}}],"inLanguage":"pt-PT"},{"@type":"Organization","@id":"https:\/\/www.acib.pt\/#organization","name":"ACIB - Associa\u00e7\u00e3o Comercial e Industrial da Bairrada","url":"https:\/\/www.acib.pt\/","logo":{"@type":"ImageObject","inLanguage":"pt-PT","@id":"https:\/\/www.acib.pt\/#\/schema\/logo\/image\/","url":"https:\/\/www.acib.pt\/wp-content\/uploads\/2022\/05\/logo-header.png","contentUrl":"https:\/\/www.acib.pt\/wp-content\/uploads\/2022\/05\/logo-header.png","width":566,"height":800,"caption":"ACIB - Associa\u00e7\u00e3o Comercial e Industrial da Bairrada"},"image":{"@id":"https:\/\/www.acib.pt\/#\/schema\/logo\/image\/"}},{"@type":"Person","@id":"https:\/\/www.acib.pt\/#\/schema\/person\/7932fd8ebb883963fd1e8040d913cc2b","name":"gestoradmin","url":"https:\/\/www.acib.pt\/index.php\/author\/gestoradmin\/"}]}},"_links":{"self":[{"href":"https:\/\/www.acib.pt\/index.php\/wp-json\/wp\/v2\/posts\/10240","targetHints":{"allow":["GET"]}}],"collection":[{"href":"https:\/\/www.acib.pt\/index.php\/wp-json\/wp\/v2\/posts"}],"about":[{"href":"https:\/\/www.acib.pt\/index.php\/wp-json\/wp\/v2\/types\/post"}],"author":[{"embeddable":true,"href":"https:\/\/www.acib.pt\/index.php\/wp-json\/wp\/v2\/users\/7"}],"replies":[{"embeddable":true,"href":"https:\/\/www.acib.pt\/index.php\/wp-json\/wp\/v2\/comments?post=10240"}],"version-history":[{"count":15,"href":"https:\/\/www.acib.pt\/index.php\/wp-json\/wp\/v2\/posts\/10240\/revisions"}],"predecessor-version":[{"id":10257,"href":"https:\/\/www.acib.pt\/index.php\/wp-json\/wp\/v2\/posts\/10240\/revisions\/10257"}],"wp:featuredmedia":[{"embeddable":true,"href":"https:\/\/www.acib.pt\/index.php\/wp-json\/wp\/v2\/media\/10247"}],"wp:attachment":[{"href":"https:\/\/www.acib.pt\/index.php\/wp-json\/wp\/v2\/media?parent=10240"}],"wp:term":[{"taxonomy":"category","embeddable":true,"href":"https:\/\/www.acib.pt\/index.php\/wp-json\/wp\/v2\/categories?post=10240"},{"taxonomy":"post_tag","embeddable":true,"href":"https:\/\/www.acib.pt\/index.php\/wp-json\/wp\/v2\/tags?post=10240"}],"curies":[{"name":"wp","href":"https:\/\/api.w.org\/{rel}","templated":true}]}}