{"id":10590,"date":"2025-11-25T19:40:19","date_gmt":"2025-11-25T19:40:19","guid":{"rendered":"https:\/\/www.acib.pt\/?p=10590"},"modified":"2025-11-25T20:19:06","modified_gmt":"2025-11-25T20:19:06","slug":"concurso-montras-de-natal-2025","status":"publish","type":"post","link":"https:\/\/www.acib.pt\/index.php\/2025\/11\/25\/concurso-montras-de-natal-2025\/","title":{"rendered":"Concurso Montras de Natal 2025"},"content":{"rendered":"\t\t<div data-elementor-type=\"wp-post\" data-elementor-id=\"10590\" class=\"elementor elementor-10590\">\n\t\t\t\t\t\t<section class=\"elementor-section elementor-top-section elementor-element elementor-element-2b6f93a elementor-section-boxed elementor-section-height-default elementor-section-height-default\" data-id=\"2b6f93a\" data-element_type=\"section\">\n\t\t\t\t\t\t<div class=\"elementor-container elementor-column-gap-default\">\n\t\t\t\t\t<div class=\"elementor-column elementor-col-100 elementor-top-column elementor-element elementor-element-1cfc38c\" data-id=\"1cfc38c\" data-element_type=\"column\">\n\t\t\t<div class=\"elementor-widget-wrap elementor-element-populated\">\n\t\t\t\t\t\t<div class=\"elementor-element elementor-element-6d050f4 elementor-widget elementor-widget-heading\" data-id=\"6d050f4\" data-element_type=\"widget\" data-widget_type=\"heading.default\">\n\t\t\t\t<div class=\"elementor-widget-container\">\n\t\t\t\t\t<h2 class=\"elementor-heading-title elementor-size-default\">Concurso Montras de Natal 2025<\/h2>\t\t\t\t<\/div>\n\t\t\t\t<\/div>\n\t\t\t\t\t<\/div>\n\t\t<\/div>\n\t\t\t\t\t<\/div>\n\t\t<\/section>\n\t\t\t\t<section class=\"elementor-section elementor-top-section elementor-element elementor-element-14af043 elementor-section-boxed elementor-section-height-default elementor-section-height-default\" data-id=\"14af043\" data-element_type=\"section\">\n\t\t\t\t\t\t<div class=\"elementor-container elementor-column-gap-default\">\n\t\t\t\t\t<div class=\"elementor-column elementor-col-100 elementor-top-column elementor-element elementor-element-be84453\" data-id=\"be84453\" data-element_type=\"column\">\n\t\t\t<div class=\"elementor-widget-wrap\">\n\t\t\t\t\t\t\t<\/div>\n\t\t<\/div>\n\t\t\t\t\t<\/div>\n\t\t<\/section>\n\t\t\t\t<section class=\"elementor-section elementor-top-section elementor-element elementor-element-25f897e elementor-section-boxed elementor-section-height-default elementor-section-height-default\" data-id=\"25f897e\" data-element_type=\"section\">\n\t\t\t\t\t\t<div class=\"elementor-container elementor-column-gap-default\">\n\t\t\t\t\t<div class=\"elementor-column elementor-col-100 elementor-top-column elementor-element elementor-element-53d456b\" data-id=\"53d456b\" data-element_type=\"column\">\n\t\t\t<div class=\"elementor-widget-wrap elementor-element-populated\">\n\t\t\t\t\t\t<div class=\"elementor-element elementor-element-00bd7dc elementor-widget-divider--view-line elementor-widget elementor-widget-divider\" data-id=\"00bd7dc\" data-element_type=\"widget\" data-widget_type=\"divider.default\">\n\t\t\t\t<div class=\"elementor-widget-container\">\n\t\t\t\t\t\t\t<div class=\"elementor-divider\">\n\t\t\t<span class=\"elementor-divider-separator\">\n\t\t\t\t\t\t<\/span>\n\t\t<\/div>\n\t\t\t\t\t\t<\/div>\n\t\t\t\t<\/div>\n\t\t\t\t<div class=\"elementor-element elementor-element-efc6a40 elementor-widget elementor-widget-image\" data-id=\"efc6a40\" data-element_type=\"widget\" data-widget_type=\"image.default\">\n\t\t\t\t<div class=\"elementor-widget-container\">\n\t\t\t\t\t\t\t\t\t\t\t\t\t\t\t<img fetchpriority=\"high\" decoding=\"async\" width=\"768\" height=\"432\" src=\"https:\/\/www.acib.pt\/wp-content\/uploads\/2025\/11\/E-mail-MKT-3-768x432.png\" class=\"attachment-medium_large size-medium_large wp-image-10603\" alt=\"\" srcset=\"https:\/\/www.acib.pt\/wp-content\/uploads\/2025\/11\/E-mail-MKT-3-768x432.png 768w, https:\/\/www.acib.pt\/wp-content\/uploads\/2025\/11\/E-mail-MKT-3-300x169.png 300w, https:\/\/www.acib.pt\/wp-content\/uploads\/2025\/11\/E-mail-MKT-3-1024x576.png 1024w, https:\/\/www.acib.pt\/wp-content\/uploads\/2025\/11\/E-mail-MKT-3-1536x864.png 1536w, https:\/\/www.acib.pt\/wp-content\/uploads\/2025\/11\/E-mail-MKT-3.png 1920w\" sizes=\"(max-width: 768px) 100vw, 768px\" \/>\t\t\t\t\t\t\t\t\t\t\t\t\t\t\t<\/div>\n\t\t\t\t<\/div>\n\t\t\t\t<div class=\"elementor-element elementor-element-5558018 elementor-widget elementor-widget-text-editor\" data-id=\"5558018\" data-element_type=\"widget\" data-widget_type=\"text-editor.default\">\n\t\t\t\t<div class=\"elementor-widget-container\">\n\t\t\t\t\t\t\t\t\t<p><strong>MONTRAS QUE BRILHAM, NATAL QUE ENCANTA<\/strong><\/p>\n<p>A magia do Natal est\u00e1 a chegar e, com ela, mais uma oportunidade de destacar o seu neg\u00f3cio e contribuir para tornar o com\u00e9rcio local ainda mais especial nesta quadra t\u00e3o apreciada por todos.<\/p>\n<p>A ACIB ir\u00e1 promover, entre <strong>13 de dezembro de 2025 e 03 de janeiro de 2026<\/strong>, o <strong>Concurso de Montras de Natal 2025 \u2013 \u201cMontras que Brilham, Natal que Encanta\u201d<\/strong>.<\/p>\n<p>Este concurso pretende valorizar o com\u00e9rcio tradicional, dinamizar as compras locais e criar um ambiente encantador nas ruas dos nossos concelhos.<\/p>\n<p><strong>Porqu\u00ea participar?<\/strong><br \/>\u2714\ufe0f Atra\u00e7\u00e3o de mais clientes ao seu estabelecimento<br \/>\u2714\ufe0f Valoriza\u00e7\u00e3o da imagem da sua loja<br \/>\u2714\ufe0f Envolvimento direto na din\u00e2mica natal\u00edcia da regi\u00e3o<br \/>\u2714\ufe0f Possibilidade de ganhar um dos tr\u00eas pr\u00e9mios que vamos atribuir<\/p>\n<p><strong>Como participar?<\/strong><br \/>\ud83d\udc49 Consulte o REGULAMENTO e Inscreva-se at\u00e9 <strong>09 de dezembro de 2025.<\/strong><\/p>\n<p>A inscri\u00e7\u00e3o \u00e9 <strong>gratuita<\/strong>, bastando preencher a ficha de inscri\u00e7\u00e3o e enviar uma fotografia da sua montra (ap\u00f3s decorada) para:<br \/>\ud83d\udce7 <strong><a href=\"mailto:acib@acib.pt\">acib@acib.pt<\/a><\/strong> | <strong><a href=\"mailto:anadia@acib.pt\">anadia@acib.pt<\/a><\/strong><br \/>\ud83d\udcf1 WhatsApp: <strong>926\u00a0948\u00a0495<\/strong><\/p>\n<p>Acreditamos que a criatividade e o brilho do com\u00e9rcio local s\u00e3o essenciais para criar um Natal mais bonito e mais pr\u00f3ximo.<\/p>\n<p>Contamos com a sua participa\u00e7\u00e3o para tornar esta iniciativa ainda mais especial!<\/p>\n<p><strong>Inscri\u00e7\u00f5es:<\/strong> <a href=\"https:\/\/docs.google.com\/forms\/d\/e\/1FAIpQLScECR2W_gEyp2HmA2D-uzQW8GP29892ed8CsUba8lIgIq0hrQ\/viewform\" target=\"_blank\" rel=\"noopener\">https:\/\/bit.ly\/48Upveo<\/a>\u00a0<\/p>\n<p><strong>Regulamento:<\/strong> <a href=\"https:\/\/www.acib.pt\/wp-content\/uploads\/2025\/11\/Regulamento-Concurso-Montras_Natal_2025.pdf\" target=\"_blank\" rel=\"noopener\">https:\/\/bit.ly\/3OaKWhr<\/a>\u00a0<\/p>\n<p>Se necessitar de apoio, esclarecimentos ou sugest\u00f5es para a sua montra, a ACIB est\u00e1 totalmente dispon\u00edvel para ajudar.<\/p>\t\t\t\t\t\t\t\t<\/div>\n\t\t\t\t<\/div>\n\t\t\t\t\t<\/div>\n\t\t<\/div>\n\t\t\t\t\t<\/div>\n\t\t<\/section>\n\t\t\t\t<section class=\"elementor-section elementor-top-section elementor-element elementor-element-1a95b01 elementor-section-boxed elementor-section-height-default elementor-section-height-default\" data-id=\"1a95b01\" data-element_type=\"section\">\n\t\t\t\t\t\t<div class=\"elementor-container elementor-column-gap-default\">\n\t\t\t\t\t<div class=\"elementor-column elementor-col-100 elementor-top-column elementor-element elementor-element-4e31744\" data-id=\"4e31744\" data-element_type=\"column\">\n\t\t\t<div class=\"elementor-widget-wrap elementor-element-populated\">\n\t\t\t\t\t\t<div class=\"elementor-element elementor-element-893aac2 elementor-widget elementor-widget-image\" data-id=\"893aac2\" data-element_type=\"widget\" data-widget_type=\"image.default\">\n\t\t\t\t<div class=\"elementor-widget-container\">\n\t\t\t\t\t\t\t\t\t\t\t\t\t\t\t<img decoding=\"async\" width=\"800\" height=\"155\" src=\"https:\/\/www.acib.pt\/wp-content\/uploads\/2025\/11\/E-mail-MKT-5-1024x198.png\" class=\"attachment-large size-large wp-image-10601\" alt=\"Concurso de Montras 2025\" srcset=\"https:\/\/www.acib.pt\/wp-content\/uploads\/2025\/11\/E-mail-MKT-5-1024x198.png 1024w, https:\/\/www.acib.pt\/wp-content\/uploads\/2025\/11\/E-mail-MKT-5-300x58.png 300w, https:\/\/www.acib.pt\/wp-content\/uploads\/2025\/11\/E-mail-MKT-5-768x148.png 768w, https:\/\/www.acib.pt\/wp-content\/uploads\/2025\/11\/E-mail-MKT-5-1536x297.png 1536w, https:\/\/www.acib.pt\/wp-content\/uploads\/2025\/11\/E-mail-MKT-5.png 1916w\" sizes=\"(max-width: 800px) 100vw, 800px\" \/>\t\t\t\t\t\t\t\t\t\t\t\t\t\t\t<\/div>\n\t\t\t\t<\/div>\n\t\t\t\t\t<\/div>\n\t\t<\/div>\n\t\t\t\t\t<\/div>\n\t\t<\/section>\n\t\t\t\t<\/div>\n\t\t","protected":false},"excerpt":{"rendered":"<p>Concurso Montras de Natal 2025. Montras que Brilham, Natal que Encanta.<\/p>\n","protected":false},"author":7,"featured_media":10591,"comment_status":"closed","ping_status":"closed","sticky":false,"template":"","format":"standard","meta":{"footnotes":""},"categories":[6,1],"tags":[14],"class_list":["post-10590","post","type-post","status-publish","format-standard","has-post-thumbnail","hentry","category-noticias","category-uncategorized","tag-noticias"],"yoast_head":"<!-- This site is optimized with the Yoast SEO plugin v26.1.1 - https:\/\/yoast.com\/wordpress\/plugins\/seo\/ -->\n<title>Concurso Montras de Natal 2025 - ACIB - Associa\u00e7\u00e3o Comercial e Industrial da Bairrada<\/title>\n<meta name=\"robots\" content=\"index, follow, max-snippet:-1, max-image-preview:large, max-video-preview:-1\" \/>\n<link rel=\"canonical\" href=\"https:\/\/www.acib.pt\/index.php\/2025\/11\/25\/concurso-montras-de-natal-2025\/\" \/>\n<meta property=\"og:locale\" content=\"pt_PT\" \/>\n<meta property=\"og:type\" content=\"article\" \/>\n<meta property=\"og:title\" content=\"Concurso Montras de Natal 2025 - ACIB - Associa\u00e7\u00e3o Comercial e Industrial da Bairrada\" \/>\n<meta property=\"og:description\" content=\"Concurso Montras de Natal 2025. Montras que Brilham, Natal que Encanta.\" \/>\n<meta property=\"og:url\" content=\"https:\/\/www.acib.pt\/index.php\/2025\/11\/25\/concurso-montras-de-natal-2025\/\" \/>\n<meta property=\"og:site_name\" content=\"ACIB - Associa\u00e7\u00e3o Comercial e Industrial da Bairrada\" \/>\n<meta property=\"article:published_time\" content=\"2025-11-25T19:40:19+00:00\" \/>\n<meta property=\"article:modified_time\" content=\"2025-11-25T20:19:06+00:00\" \/>\n<meta property=\"og:image\" content=\"https:\/\/www.acib.pt\/wp-content\/uploads\/2025\/11\/E-mail-MKT-1.png\" \/>\n\t<meta property=\"og:image:width\" content=\"1920\" \/>\n\t<meta property=\"og:image:height\" content=\"1080\" \/>\n\t<meta property=\"og:image:type\" content=\"image\/png\" \/>\n<meta name=\"author\" content=\"gestoradmin\" \/>\n<meta name=\"twitter:card\" content=\"summary_large_image\" \/>\n<meta name=\"twitter:label1\" content=\"Escrito por\" \/>\n\t<meta name=\"twitter:data1\" content=\"gestoradmin\" \/>\n\t<meta name=\"twitter:label2\" content=\"Tempo estimado de leitura\" \/>\n\t<meta name=\"twitter:data2\" content=\"2 minutos\" \/>\n<script type=\"application\/ld+json\" class=\"yoast-schema-graph\">{\"@context\":\"https:\/\/schema.org\",\"@graph\":[{\"@type\":\"Article\",\"@id\":\"https:\/\/www.acib.pt\/index.php\/2025\/11\/25\/concurso-montras-de-natal-2025\/#article\",\"isPartOf\":{\"@id\":\"https:\/\/www.acib.pt\/index.php\/2025\/11\/25\/concurso-montras-de-natal-2025\/\"},\"author\":{\"name\":\"gestoradmin\",\"@id\":\"https:\/\/www.acib.pt\/#\/schema\/person\/7932fd8ebb883963fd1e8040d913cc2b\"},\"headline\":\"Concurso Montras de Natal 2025\",\"datePublished\":\"2025-11-25T19:40:19+00:00\",\"dateModified\":\"2025-11-25T20:19:06+00:00\",\"mainEntityOfPage\":{\"@id\":\"https:\/\/www.acib.pt\/index.php\/2025\/11\/25\/concurso-montras-de-natal-2025\/\"},\"wordCount\":244,\"publisher\":{\"@id\":\"https:\/\/www.acib.pt\/#organization\"},\"image\":{\"@id\":\"https:\/\/www.acib.pt\/index.php\/2025\/11\/25\/concurso-montras-de-natal-2025\/#primaryimage\"},\"thumbnailUrl\":\"https:\/\/www.acib.pt\/wp-content\/uploads\/2025\/11\/E-mail-MKT-1.png\",\"keywords\":[\"Noticias\"],\"articleSection\":[\"Not\u00edcias\",\"Uncategorized\"],\"inLanguage\":\"pt-PT\"},{\"@type\":\"WebPage\",\"@id\":\"https:\/\/www.acib.pt\/index.php\/2025\/11\/25\/concurso-montras-de-natal-2025\/\",\"url\":\"https:\/\/www.acib.pt\/index.php\/2025\/11\/25\/concurso-montras-de-natal-2025\/\",\"name\":\"Concurso Montras de Natal 2025 - ACIB - Associa\u00e7\u00e3o Comercial e Industrial da Bairrada\",\"isPartOf\":{\"@id\":\"https:\/\/www.acib.pt\/#website\"},\"primaryImageOfPage\":{\"@id\":\"https:\/\/www.acib.pt\/index.php\/2025\/11\/25\/concurso-montras-de-natal-2025\/#primaryimage\"},\"image\":{\"@id\":\"https:\/\/www.acib.pt\/index.php\/2025\/11\/25\/concurso-montras-de-natal-2025\/#primaryimage\"},\"thumbnailUrl\":\"https:\/\/www.acib.pt\/wp-content\/uploads\/2025\/11\/E-mail-MKT-1.png\",\"datePublished\":\"2025-11-25T19:40:19+00:00\",\"dateModified\":\"2025-11-25T20:19:06+00:00\",\"breadcrumb\":{\"@id\":\"https:\/\/www.acib.pt\/index.php\/2025\/11\/25\/concurso-montras-de-natal-2025\/#breadcrumb\"},\"inLanguage\":\"pt-PT\",\"potentialAction\":[{\"@type\":\"ReadAction\",\"target\":[\"https:\/\/www.acib.pt\/index.php\/2025\/11\/25\/concurso-montras-de-natal-2025\/\"]}]},{\"@type\":\"ImageObject\",\"inLanguage\":\"pt-PT\",\"@id\":\"https:\/\/www.acib.pt\/index.php\/2025\/11\/25\/concurso-montras-de-natal-2025\/#primaryimage\",\"url\":\"https:\/\/www.acib.pt\/wp-content\/uploads\/2025\/11\/E-mail-MKT-1.png\",\"contentUrl\":\"https:\/\/www.acib.pt\/wp-content\/uploads\/2025\/11\/E-mail-MKT-1.png\",\"width\":1920,\"height\":1080,\"caption\":\"Concurso Montras 2025\"},{\"@type\":\"BreadcrumbList\",\"@id\":\"https:\/\/www.acib.pt\/index.php\/2025\/11\/25\/concurso-montras-de-natal-2025\/#breadcrumb\",\"itemListElement\":[{\"@type\":\"ListItem\",\"position\":1,\"name\":\"In\u00edcio\",\"item\":\"https:\/\/www.acib.pt\/\"},{\"@type\":\"ListItem\",\"position\":2,\"name\":\"Concurso Montras de Natal 2025\"}]},{\"@type\":\"WebSite\",\"@id\":\"https:\/\/www.acib.pt\/#website\",\"url\":\"https:\/\/www.acib.pt\/\",\"name\":\"ACIB - Associa\u00e7\u00e3o Comercial e Industrial da Bairrada\",\"description\":\"\",\"publisher\":{\"@id\":\"https:\/\/www.acib.pt\/#organization\"},\"potentialAction\":[{\"@type\":\"SearchAction\",\"target\":{\"@type\":\"EntryPoint\",\"urlTemplate\":\"https:\/\/www.acib.pt\/?s={search_term_string}\"},\"query-input\":{\"@type\":\"PropertyValueSpecification\",\"valueRequired\":true,\"valueName\":\"search_term_string\"}}],\"inLanguage\":\"pt-PT\"},{\"@type\":\"Organization\",\"@id\":\"https:\/\/www.acib.pt\/#organization\",\"name\":\"ACIB - Associa\u00e7\u00e3o Comercial e Industrial da Bairrada\",\"url\":\"https:\/\/www.acib.pt\/\",\"logo\":{\"@type\":\"ImageObject\",\"inLanguage\":\"pt-PT\",\"@id\":\"https:\/\/www.acib.pt\/#\/schema\/logo\/image\/\",\"url\":\"https:\/\/www.acib.pt\/wp-content\/uploads\/2022\/05\/logo-header.png\",\"contentUrl\":\"https:\/\/www.acib.pt\/wp-content\/uploads\/2022\/05\/logo-header.png\",\"width\":566,\"height\":800,\"caption\":\"ACIB - Associa\u00e7\u00e3o Comercial e Industrial da Bairrada\"},\"image\":{\"@id\":\"https:\/\/www.acib.pt\/#\/schema\/logo\/image\/\"}},{\"@type\":\"Person\",\"@id\":\"https:\/\/www.acib.pt\/#\/schema\/person\/7932fd8ebb883963fd1e8040d913cc2b\",\"name\":\"gestoradmin\",\"url\":\"https:\/\/www.acib.pt\/index.php\/author\/gestoradmin\/\"}]}<\/script>\n<!-- \/ Yoast SEO plugin. -->","yoast_head_json":{"title":"Concurso Montras de Natal 2025 - ACIB - Associa\u00e7\u00e3o Comercial e Industrial da Bairrada","robots":{"index":"index","follow":"follow","max-snippet":"max-snippet:-1","max-image-preview":"max-image-preview:large","max-video-preview":"max-video-preview:-1"},"canonical":"https:\/\/www.acib.pt\/index.php\/2025\/11\/25\/concurso-montras-de-natal-2025\/","og_locale":"pt_PT","og_type":"article","og_title":"Concurso Montras de Natal 2025 - ACIB - Associa\u00e7\u00e3o Comercial e Industrial da Bairrada","og_description":"Concurso Montras de Natal 2025. Montras que Brilham, Natal que Encanta.","og_url":"https:\/\/www.acib.pt\/index.php\/2025\/11\/25\/concurso-montras-de-natal-2025\/","og_site_name":"ACIB - Associa\u00e7\u00e3o Comercial e Industrial da Bairrada","article_published_time":"2025-11-25T19:40:19+00:00","article_modified_time":"2025-11-25T20:19:06+00:00","og_image":[{"width":1920,"height":1080,"url":"https:\/\/www.acib.pt\/wp-content\/uploads\/2025\/11\/E-mail-MKT-1.png","type":"image\/png"}],"author":"gestoradmin","twitter_card":"summary_large_image","twitter_misc":{"Escrito por":"gestoradmin","Tempo estimado de leitura":"2 minutos"},"schema":{"@context":"https:\/\/schema.org","@graph":[{"@type":"Article","@id":"https:\/\/www.acib.pt\/index.php\/2025\/11\/25\/concurso-montras-de-natal-2025\/#article","isPartOf":{"@id":"https:\/\/www.acib.pt\/index.php\/2025\/11\/25\/concurso-montras-de-natal-2025\/"},"author":{"name":"gestoradmin","@id":"https:\/\/www.acib.pt\/#\/schema\/person\/7932fd8ebb883963fd1e8040d913cc2b"},"headline":"Concurso Montras de Natal 2025","datePublished":"2025-11-25T19:40:19+00:00","dateModified":"2025-11-25T20:19:06+00:00","mainEntityOfPage":{"@id":"https:\/\/www.acib.pt\/index.php\/2025\/11\/25\/concurso-montras-de-natal-2025\/"},"wordCount":244,"publisher":{"@id":"https:\/\/www.acib.pt\/#organization"},"image":{"@id":"https:\/\/www.acib.pt\/index.php\/2025\/11\/25\/concurso-montras-de-natal-2025\/#primaryimage"},"thumbnailUrl":"https:\/\/www.acib.pt\/wp-content\/uploads\/2025\/11\/E-mail-MKT-1.png","keywords":["Noticias"],"articleSection":["Not\u00edcias","Uncategorized"],"inLanguage":"pt-PT"},{"@type":"WebPage","@id":"https:\/\/www.acib.pt\/index.php\/2025\/11\/25\/concurso-montras-de-natal-2025\/","url":"https:\/\/www.acib.pt\/index.php\/2025\/11\/25\/concurso-montras-de-natal-2025\/","name":"Concurso Montras de Natal 2025 - ACIB - Associa\u00e7\u00e3o Comercial e Industrial da Bairrada","isPartOf":{"@id":"https:\/\/www.acib.pt\/#website"},"primaryImageOfPage":{"@id":"https:\/\/www.acib.pt\/index.php\/2025\/11\/25\/concurso-montras-de-natal-2025\/#primaryimage"},"image":{"@id":"https:\/\/www.acib.pt\/index.php\/2025\/11\/25\/concurso-montras-de-natal-2025\/#primaryimage"},"thumbnailUrl":"https:\/\/www.acib.pt\/wp-content\/uploads\/2025\/11\/E-mail-MKT-1.png","datePublished":"2025-11-25T19:40:19+00:00","dateModified":"2025-11-25T20:19:06+00:00","breadcrumb":{"@id":"https:\/\/www.acib.pt\/index.php\/2025\/11\/25\/concurso-montras-de-natal-2025\/#breadcrumb"},"inLanguage":"pt-PT","potentialAction":[{"@type":"ReadAction","target":["https:\/\/www.acib.pt\/index.php\/2025\/11\/25\/concurso-montras-de-natal-2025\/"]}]},{"@type":"ImageObject","inLanguage":"pt-PT","@id":"https:\/\/www.acib.pt\/index.php\/2025\/11\/25\/concurso-montras-de-natal-2025\/#primaryimage","url":"https:\/\/www.acib.pt\/wp-content\/uploads\/2025\/11\/E-mail-MKT-1.png","contentUrl":"https:\/\/www.acib.pt\/wp-content\/uploads\/2025\/11\/E-mail-MKT-1.png","width":1920,"height":1080,"caption":"Concurso Montras 2025"},{"@type":"BreadcrumbList","@id":"https:\/\/www.acib.pt\/index.php\/2025\/11\/25\/concurso-montras-de-natal-2025\/#breadcrumb","itemListElement":[{"@type":"ListItem","position":1,"name":"In\u00edcio","item":"https:\/\/www.acib.pt\/"},{"@type":"ListItem","position":2,"name":"Concurso Montras de Natal 2025"}]},{"@type":"WebSite","@id":"https:\/\/www.acib.pt\/#website","url":"https:\/\/www.acib.pt\/","name":"ACIB - Associa\u00e7\u00e3o Comercial e Industrial da Bairrada","description":"","publisher":{"@id":"https:\/\/www.acib.pt\/#organization"},"potentialAction":[{"@type":"SearchAction","target":{"@type":"EntryPoint","urlTemplate":"https:\/\/www.acib.pt\/?s={search_term_string}"},"query-input":{"@type":"PropertyValueSpecification","valueRequired":true,"valueName":"search_term_string"}}],"inLanguage":"pt-PT"},{"@type":"Organization","@id":"https:\/\/www.acib.pt\/#organization","name":"ACIB - Associa\u00e7\u00e3o Comercial e Industrial da Bairrada","url":"https:\/\/www.acib.pt\/","logo":{"@type":"ImageObject","inLanguage":"pt-PT","@id":"https:\/\/www.acib.pt\/#\/schema\/logo\/image\/","url":"https:\/\/www.acib.pt\/wp-content\/uploads\/2022\/05\/logo-header.png","contentUrl":"https:\/\/www.acib.pt\/wp-content\/uploads\/2022\/05\/logo-header.png","width":566,"height":800,"caption":"ACIB - Associa\u00e7\u00e3o Comercial e Industrial da Bairrada"},"image":{"@id":"https:\/\/www.acib.pt\/#\/schema\/logo\/image\/"}},{"@type":"Person","@id":"https:\/\/www.acib.pt\/#\/schema\/person\/7932fd8ebb883963fd1e8040d913cc2b","name":"gestoradmin","url":"https:\/\/www.acib.pt\/index.php\/author\/gestoradmin\/"}]}},"_links":{"self":[{"href":"https:\/\/www.acib.pt\/index.php\/wp-json\/wp\/v2\/posts\/10590","targetHints":{"allow":["GET"]}}],"collection":[{"href":"https:\/\/www.acib.pt\/index.php\/wp-json\/wp\/v2\/posts"}],"about":[{"href":"https:\/\/www.acib.pt\/index.php\/wp-json\/wp\/v2\/types\/post"}],"author":[{"embeddable":true,"href":"https:\/\/www.acib.pt\/index.php\/wp-json\/wp\/v2\/users\/7"}],"replies":[{"embeddable":true,"href":"https:\/\/www.acib.pt\/index.php\/wp-json\/wp\/v2\/comments?post=10590"}],"version-history":[{"count":10,"href":"https:\/\/www.acib.pt\/index.php\/wp-json\/wp\/v2\/posts\/10590\/revisions"}],"predecessor-version":[{"id":10606,"href":"https:\/\/www.acib.pt\/index.php\/wp-json\/wp\/v2\/posts\/10590\/revisions\/10606"}],"wp:featuredmedia":[{"embeddable":true,"href":"https:\/\/www.acib.pt\/index.php\/wp-json\/wp\/v2\/media\/10591"}],"wp:attachment":[{"href":"https:\/\/www.acib.pt\/index.php\/wp-json\/wp\/v2\/media?parent=10590"}],"wp:term":[{"taxonomy":"category","embeddable":true,"href":"https:\/\/www.acib.pt\/index.php\/wp-json\/wp\/v2\/categories?post=10590"},{"taxonomy":"post_tag","embeddable":true,"href":"https:\/\/www.acib.pt\/index.php\/wp-json\/wp\/v2\/tags?post=10590"}],"curies":[{"name":"wp","href":"https:\/\/api.w.org\/{rel}","templated":true}]}}