{"id":10621,"date":"2025-12-04T18:37:37","date_gmt":"2025-12-04T18:37:37","guid":{"rendered":"https:\/\/www.acib.pt\/?p=10621"},"modified":"2025-12-04T18:58:31","modified_gmt":"2025-12-04T18:58:31","slug":"monitorizacao-dos-niveis-de-radao","status":"publish","type":"post","link":"https:\/\/www.acib.pt\/index.php\/2025\/12\/04\/monitorizacao-dos-niveis-de-radao\/","title":{"rendered":"Monitoriza\u00e7\u00e3o dos n\u00edveis de rad\u00e3o"},"content":{"rendered":"\t\t<div data-elementor-type=\"wp-post\" data-elementor-id=\"10621\" class=\"elementor elementor-10621\">\n\t\t\t\t\t\t<section class=\"elementor-section elementor-top-section elementor-element elementor-element-2b6f93a elementor-section-boxed elementor-section-height-default elementor-section-height-default\" data-id=\"2b6f93a\" data-element_type=\"section\">\n\t\t\t\t\t\t<div class=\"elementor-container elementor-column-gap-default\">\n\t\t\t\t\t<div class=\"elementor-column elementor-col-100 elementor-top-column elementor-element elementor-element-1cfc38c\" data-id=\"1cfc38c\" data-element_type=\"column\">\n\t\t\t<div class=\"elementor-widget-wrap elementor-element-populated\">\n\t\t\t\t\t\t<div class=\"elementor-element elementor-element-6d050f4 elementor-widget elementor-widget-heading\" data-id=\"6d050f4\" data-element_type=\"widget\" data-widget_type=\"heading.default\">\n\t\t\t\t<div class=\"elementor-widget-container\">\n\t\t\t\t\t<h2 class=\"elementor-heading-title elementor-size-default\">Monitoriza\u00e7\u00e3o dos n\u00edveis de rad\u00e3o (Rn) em edif\u00edcios<\/h2>\t\t\t\t<\/div>\n\t\t\t\t<\/div>\n\t\t\t\t\t<\/div>\n\t\t<\/div>\n\t\t\t\t\t<\/div>\n\t\t<\/section>\n\t\t\t\t<section class=\"elementor-section elementor-top-section elementor-element elementor-element-14af043 elementor-section-boxed elementor-section-height-default elementor-section-height-default\" data-id=\"14af043\" data-element_type=\"section\">\n\t\t\t\t\t\t<div class=\"elementor-container elementor-column-gap-default\">\n\t\t\t\t\t<div class=\"elementor-column elementor-col-100 elementor-top-column elementor-element elementor-element-be84453\" data-id=\"be84453\" data-element_type=\"column\">\n\t\t\t<div class=\"elementor-widget-wrap\">\n\t\t\t\t\t\t\t<\/div>\n\t\t<\/div>\n\t\t\t\t\t<\/div>\n\t\t<\/section>\n\t\t\t\t<section class=\"elementor-section elementor-top-section elementor-element elementor-element-25f897e elementor-section-boxed elementor-section-height-default elementor-section-height-default\" data-id=\"25f897e\" data-element_type=\"section\">\n\t\t\t\t\t\t<div class=\"elementor-container elementor-column-gap-default\">\n\t\t\t\t\t<div class=\"elementor-column elementor-col-100 elementor-top-column elementor-element elementor-element-53d456b\" data-id=\"53d456b\" data-element_type=\"column\">\n\t\t\t<div class=\"elementor-widget-wrap elementor-element-populated\">\n\t\t\t\t\t\t<div class=\"elementor-element elementor-element-00bd7dc elementor-widget-divider--view-line elementor-widget elementor-widget-divider\" data-id=\"00bd7dc\" data-element_type=\"widget\" data-widget_type=\"divider.default\">\n\t\t\t\t<div class=\"elementor-widget-container\">\n\t\t\t\t\t\t\t<div class=\"elementor-divider\">\n\t\t\t<span class=\"elementor-divider-separator\">\n\t\t\t\t\t\t<\/span>\n\t\t<\/div>\n\t\t\t\t\t\t<\/div>\n\t\t\t\t<\/div>\n\t\t\t\t<div class=\"elementor-element elementor-element-efc6a40 elementor-widget elementor-widget-image\" data-id=\"efc6a40\" data-element_type=\"widget\" data-widget_type=\"image.default\">\n\t\t\t\t<div class=\"elementor-widget-container\">\n\t\t\t\t\t\t\t\t\t\t\t\t\t\t\t<img fetchpriority=\"high\" decoding=\"async\" width=\"768\" height=\"432\" src=\"https:\/\/www.acib.pt\/wp-content\/uploads\/2025\/12\/Radao-768x432.png\" class=\"attachment-medium_large size-medium_large wp-image-10622\" alt=\"ACIB - monitoriza\u00e7\u00e3o dos n\u00edveis de rad\u00e3o\" srcset=\"https:\/\/www.acib.pt\/wp-content\/uploads\/2025\/12\/Radao-768x432.png 768w, https:\/\/www.acib.pt\/wp-content\/uploads\/2025\/12\/Radao-300x169.png 300w, https:\/\/www.acib.pt\/wp-content\/uploads\/2025\/12\/Radao-1024x576.png 1024w, https:\/\/www.acib.pt\/wp-content\/uploads\/2025\/12\/Radao-1536x864.png 1536w, https:\/\/www.acib.pt\/wp-content\/uploads\/2025\/12\/Radao.png 1920w\" sizes=\"(max-width: 768px) 100vw, 768px\" \/>\t\t\t\t\t\t\t\t\t\t\t\t\t\t\t<\/div>\n\t\t\t\t<\/div>\n\t\t\t\t<div class=\"elementor-element elementor-element-5558018 elementor-widget elementor-widget-text-editor\" data-id=\"5558018\" data-element_type=\"widget\" data-widget_type=\"text-editor.default\">\n\t\t\t\t<div class=\"elementor-widget-container\">\n\t\t\t\t\t\t\t\t\t<p>O rad\u00e3o (Rn) \u00e9 um g\u00e1s radioativo de origem natural, incolor e inodoro, que pode acumular-se em espa\u00e7os interiores fechados, como caves e r\u00e9s-do-ch\u00e3o. A exposi\u00e7\u00e3o prolongada a n\u00edveis elevados de rad\u00e3o e sua inala\u00e7\u00e3o \u00e9 considerada uma das principais causas de cancro do pulm\u00e3o.<\/p><p>De acordo com o estabelecido no <a href=\"https:\/\/diariodarepublica.pt\/dr\/detalhe\/decreto-lei\/108-2018-117202785\">Decreto-Lei n.\u00ba108\/2018, de 3 de dezembro<\/a> e no Plano Nacional para o Rad\u00e3o, as entidades empregadoras\u00a0devem assegurar que a concentra\u00e7\u00e3o de atividade de rad\u00e3o nos locais de trabalho se mantenha t\u00e3o baixa quanto razoavelmente poss\u00edvel e abaixo do n\u00edvel de refer\u00eancia (300 BQ7m<sup>3<\/sup>). Para tal, al\u00e9m da avalia\u00e7\u00e3o inicial, dever\u00e3o <u>proceder \u00e0 monitoriza\u00e7\u00e3o dos n\u00edveis de rad\u00e3o nas suas instala\u00e7\u00f5es at\u00e9 ao dia 29 de dezembro de 2025<\/u>.<\/p><p>Todas as situa\u00e7\u00f5es dever\u00e3o ser sujeitas a avalia\u00e7\u00e3o, contudo, a testagem \u00e9 especialmente aconselh\u00e1vel nas zonas de suscetibilidade elevada e moderada.<\/p><p>A Ag\u00eancia Portuguesa do Ambiente mantem atualizada informa\u00e7\u00e3o sobre esta tem\u00e1tica bem como exemplos de medidas de preven\u00e7\u00e3o e remedia\u00e7\u00e3o.<\/p><p>Para mais informa\u00e7\u00f5es consulte o Guia para Empregadores e Mapa de Suscetibilidade disponibilizados pela APA \u2013 Ag\u00eancia Portuguesa do Ambiente.<\/p><p><strong>APA &#8211; Preven\u00e7\u00e3o e Gest\u00e3o de Riscos do rad\u00e3o: <\/strong><a href=\"https:\/\/apambiente.pt\/prevencao-e-gestao-de-riscos\/radao\" target=\"_blank\" rel=\"noopener\">https:\/\/apambiente.pt\/prevencao-e-gestao-de-riscos\/radao<\/a><\/p><p><strong>Mapa de suscetibilidade ao Rad\u00e3o \u2013 Freguesias:<\/strong> <a href=\"https:\/\/www.acib.pt\/wp-content\/uploads\/2025\/12\/Mapa-de-Suscetibilidade-ao-Radao-Freguesias.pdf\" target=\"_blank\" rel=\"noopener\">https:\/\/bit.ly\/48Upveo<\/a>\u00a0<\/p><p><strong>Guia para empregadores \u2013 Exposi\u00e7\u00e3o ao Rad\u00e3o:<\/strong> <a href=\"https:\/\/www.acib.pt\/wp-content\/uploads\/2025\/12\/Guia-para-empregadores-Exposicao-RADAO-APA.pdf\" target=\"_blank\" rel=\"noopener\">https:\/\/bit.ly\/3OaKWhr<\/a>\u00a0<\/p>\t\t\t\t\t\t\t\t<\/div>\n\t\t\t\t<\/div>\n\t\t\t\t\t<\/div>\n\t\t<\/div>\n\t\t\t\t\t<\/div>\n\t\t<\/section>\n\t\t\t\t<\/div>\n\t\t","protected":false},"excerpt":{"rendered":"<p>O rad\u00e3o (Rn) \u00e9 um g\u00e1s radioativo de origem natural, incolor e inodoro, que pode acumular-se em espa\u00e7os interiores fechados, como caves e r\u00e9s-do-ch\u00e3o.<\/p>\n","protected":false},"author":7,"featured_media":10622,"comment_status":"closed","ping_status":"closed","sticky":false,"template":"","format":"standard","meta":{"footnotes":""},"categories":[6,1],"tags":[14],"class_list":["post-10621","post","type-post","status-publish","format-standard","has-post-thumbnail","hentry","category-noticias","category-uncategorized","tag-noticias"],"yoast_head":"<!-- This site is optimized with the Yoast SEO plugin v26.1.1 - https:\/\/yoast.com\/wordpress\/plugins\/seo\/ -->\n<title>Monitoriza\u00e7\u00e3o dos n\u00edveis de rad\u00e3o - ACIB - Associa\u00e7\u00e3o Comercial e Industrial da Bairrada<\/title>\n<meta name=\"robots\" content=\"index, follow, max-snippet:-1, max-image-preview:large, max-video-preview:-1\" \/>\n<link rel=\"canonical\" href=\"https:\/\/www.acib.pt\/index.php\/2025\/12\/04\/monitorizacao-dos-niveis-de-radao\/\" \/>\n<meta property=\"og:locale\" content=\"pt_PT\" \/>\n<meta property=\"og:type\" content=\"article\" \/>\n<meta property=\"og:title\" content=\"Monitoriza\u00e7\u00e3o dos n\u00edveis de rad\u00e3o - ACIB - Associa\u00e7\u00e3o Comercial e Industrial da Bairrada\" \/>\n<meta property=\"og:description\" content=\"O rad\u00e3o (Rn) \u00e9 um g\u00e1s radioativo de origem natural, incolor e inodoro, que pode acumular-se em espa\u00e7os interiores fechados, como caves e r\u00e9s-do-ch\u00e3o.\" \/>\n<meta property=\"og:url\" content=\"https:\/\/www.acib.pt\/index.php\/2025\/12\/04\/monitorizacao-dos-niveis-de-radao\/\" \/>\n<meta property=\"og:site_name\" content=\"ACIB - Associa\u00e7\u00e3o Comercial e Industrial da Bairrada\" \/>\n<meta property=\"article:published_time\" content=\"2025-12-04T18:37:37+00:00\" \/>\n<meta property=\"article:modified_time\" content=\"2025-12-04T18:58:31+00:00\" \/>\n<meta property=\"og:image\" content=\"https:\/\/www.acib.pt\/wp-content\/uploads\/2025\/12\/Radao.png\" \/>\n\t<meta property=\"og:image:width\" content=\"1920\" \/>\n\t<meta property=\"og:image:height\" content=\"1080\" \/>\n\t<meta property=\"og:image:type\" content=\"image\/png\" \/>\n<meta name=\"author\" content=\"gestoradmin\" \/>\n<meta name=\"twitter:card\" content=\"summary_large_image\" \/>\n<meta name=\"twitter:label1\" content=\"Escrito por\" \/>\n\t<meta name=\"twitter:data1\" content=\"gestoradmin\" \/>\n\t<meta name=\"twitter:label2\" content=\"Tempo estimado de leitura\" \/>\n\t<meta name=\"twitter:data2\" content=\"2 minutos\" \/>\n<script type=\"application\/ld+json\" class=\"yoast-schema-graph\">{\"@context\":\"https:\/\/schema.org\",\"@graph\":[{\"@type\":\"Article\",\"@id\":\"https:\/\/www.acib.pt\/index.php\/2025\/12\/04\/monitorizacao-dos-niveis-de-radao\/#article\",\"isPartOf\":{\"@id\":\"https:\/\/www.acib.pt\/index.php\/2025\/12\/04\/monitorizacao-dos-niveis-de-radao\/\"},\"author\":{\"name\":\"gestoradmin\",\"@id\":\"https:\/\/www.acib.pt\/#\/schema\/person\/7932fd8ebb883963fd1e8040d913cc2b\"},\"headline\":\"Monitoriza\u00e7\u00e3o dos n\u00edveis de rad\u00e3o\",\"datePublished\":\"2025-12-04T18:37:37+00:00\",\"dateModified\":\"2025-12-04T18:58:31+00:00\",\"mainEntityOfPage\":{\"@id\":\"https:\/\/www.acib.pt\/index.php\/2025\/12\/04\/monitorizacao-dos-niveis-de-radao\/\"},\"wordCount\":268,\"publisher\":{\"@id\":\"https:\/\/www.acib.pt\/#organization\"},\"image\":{\"@id\":\"https:\/\/www.acib.pt\/index.php\/2025\/12\/04\/monitorizacao-dos-niveis-de-radao\/#primaryimage\"},\"thumbnailUrl\":\"https:\/\/www.acib.pt\/wp-content\/uploads\/2025\/12\/Radao.png\",\"keywords\":[\"Noticias\"],\"articleSection\":[\"Not\u00edcias\",\"Uncategorized\"],\"inLanguage\":\"pt-PT\"},{\"@type\":\"WebPage\",\"@id\":\"https:\/\/www.acib.pt\/index.php\/2025\/12\/04\/monitorizacao-dos-niveis-de-radao\/\",\"url\":\"https:\/\/www.acib.pt\/index.php\/2025\/12\/04\/monitorizacao-dos-niveis-de-radao\/\",\"name\":\"Monitoriza\u00e7\u00e3o dos n\u00edveis de rad\u00e3o - ACIB - Associa\u00e7\u00e3o Comercial e Industrial da Bairrada\",\"isPartOf\":{\"@id\":\"https:\/\/www.acib.pt\/#website\"},\"primaryImageOfPage\":{\"@id\":\"https:\/\/www.acib.pt\/index.php\/2025\/12\/04\/monitorizacao-dos-niveis-de-radao\/#primaryimage\"},\"image\":{\"@id\":\"https:\/\/www.acib.pt\/index.php\/2025\/12\/04\/monitorizacao-dos-niveis-de-radao\/#primaryimage\"},\"thumbnailUrl\":\"https:\/\/www.acib.pt\/wp-content\/uploads\/2025\/12\/Radao.png\",\"datePublished\":\"2025-12-04T18:37:37+00:00\",\"dateModified\":\"2025-12-04T18:58:31+00:00\",\"breadcrumb\":{\"@id\":\"https:\/\/www.acib.pt\/index.php\/2025\/12\/04\/monitorizacao-dos-niveis-de-radao\/#breadcrumb\"},\"inLanguage\":\"pt-PT\",\"potentialAction\":[{\"@type\":\"ReadAction\",\"target\":[\"https:\/\/www.acib.pt\/index.php\/2025\/12\/04\/monitorizacao-dos-niveis-de-radao\/\"]}]},{\"@type\":\"ImageObject\",\"inLanguage\":\"pt-PT\",\"@id\":\"https:\/\/www.acib.pt\/index.php\/2025\/12\/04\/monitorizacao-dos-niveis-de-radao\/#primaryimage\",\"url\":\"https:\/\/www.acib.pt\/wp-content\/uploads\/2025\/12\/Radao.png\",\"contentUrl\":\"https:\/\/www.acib.pt\/wp-content\/uploads\/2025\/12\/Radao.png\",\"width\":1920,\"height\":1080,\"caption\":\"ACIB - monitoriza\u00e7\u00e3o dos n\u00edveis de rad\u00e3o\"},{\"@type\":\"BreadcrumbList\",\"@id\":\"https:\/\/www.acib.pt\/index.php\/2025\/12\/04\/monitorizacao-dos-niveis-de-radao\/#breadcrumb\",\"itemListElement\":[{\"@type\":\"ListItem\",\"position\":1,\"name\":\"In\u00edcio\",\"item\":\"https:\/\/www.acib.pt\/\"},{\"@type\":\"ListItem\",\"position\":2,\"name\":\"Monitoriza\u00e7\u00e3o dos n\u00edveis de rad\u00e3o\"}]},{\"@type\":\"WebSite\",\"@id\":\"https:\/\/www.acib.pt\/#website\",\"url\":\"https:\/\/www.acib.pt\/\",\"name\":\"ACIB - Associa\u00e7\u00e3o Comercial e Industrial da Bairrada\",\"description\":\"\",\"publisher\":{\"@id\":\"https:\/\/www.acib.pt\/#organization\"},\"potentialAction\":[{\"@type\":\"SearchAction\",\"target\":{\"@type\":\"EntryPoint\",\"urlTemplate\":\"https:\/\/www.acib.pt\/?s={search_term_string}\"},\"query-input\":{\"@type\":\"PropertyValueSpecification\",\"valueRequired\":true,\"valueName\":\"search_term_string\"}}],\"inLanguage\":\"pt-PT\"},{\"@type\":\"Organization\",\"@id\":\"https:\/\/www.acib.pt\/#organization\",\"name\":\"ACIB - Associa\u00e7\u00e3o Comercial e Industrial da Bairrada\",\"url\":\"https:\/\/www.acib.pt\/\",\"logo\":{\"@type\":\"ImageObject\",\"inLanguage\":\"pt-PT\",\"@id\":\"https:\/\/www.acib.pt\/#\/schema\/logo\/image\/\",\"url\":\"https:\/\/www.acib.pt\/wp-content\/uploads\/2022\/05\/logo-header.png\",\"contentUrl\":\"https:\/\/www.acib.pt\/wp-content\/uploads\/2022\/05\/logo-header.png\",\"width\":566,\"height\":800,\"caption\":\"ACIB - Associa\u00e7\u00e3o Comercial e Industrial da Bairrada\"},\"image\":{\"@id\":\"https:\/\/www.acib.pt\/#\/schema\/logo\/image\/\"}},{\"@type\":\"Person\",\"@id\":\"https:\/\/www.acib.pt\/#\/schema\/person\/7932fd8ebb883963fd1e8040d913cc2b\",\"name\":\"gestoradmin\",\"url\":\"https:\/\/www.acib.pt\/index.php\/author\/gestoradmin\/\"}]}<\/script>\n<!-- \/ Yoast SEO plugin. -->","yoast_head_json":{"title":"Monitoriza\u00e7\u00e3o dos n\u00edveis de rad\u00e3o - ACIB - Associa\u00e7\u00e3o Comercial e Industrial da Bairrada","robots":{"index":"index","follow":"follow","max-snippet":"max-snippet:-1","max-image-preview":"max-image-preview:large","max-video-preview":"max-video-preview:-1"},"canonical":"https:\/\/www.acib.pt\/index.php\/2025\/12\/04\/monitorizacao-dos-niveis-de-radao\/","og_locale":"pt_PT","og_type":"article","og_title":"Monitoriza\u00e7\u00e3o dos n\u00edveis de rad\u00e3o - ACIB - Associa\u00e7\u00e3o Comercial e Industrial da Bairrada","og_description":"O rad\u00e3o (Rn) \u00e9 um g\u00e1s radioativo de origem natural, incolor e inodoro, que pode acumular-se em espa\u00e7os interiores fechados, como caves e r\u00e9s-do-ch\u00e3o.","og_url":"https:\/\/www.acib.pt\/index.php\/2025\/12\/04\/monitorizacao-dos-niveis-de-radao\/","og_site_name":"ACIB - Associa\u00e7\u00e3o Comercial e Industrial da Bairrada","article_published_time":"2025-12-04T18:37:37+00:00","article_modified_time":"2025-12-04T18:58:31+00:00","og_image":[{"width":1920,"height":1080,"url":"https:\/\/www.acib.pt\/wp-content\/uploads\/2025\/12\/Radao.png","type":"image\/png"}],"author":"gestoradmin","twitter_card":"summary_large_image","twitter_misc":{"Escrito por":"gestoradmin","Tempo estimado de leitura":"2 minutos"},"schema":{"@context":"https:\/\/schema.org","@graph":[{"@type":"Article","@id":"https:\/\/www.acib.pt\/index.php\/2025\/12\/04\/monitorizacao-dos-niveis-de-radao\/#article","isPartOf":{"@id":"https:\/\/www.acib.pt\/index.php\/2025\/12\/04\/monitorizacao-dos-niveis-de-radao\/"},"author":{"name":"gestoradmin","@id":"https:\/\/www.acib.pt\/#\/schema\/person\/7932fd8ebb883963fd1e8040d913cc2b"},"headline":"Monitoriza\u00e7\u00e3o dos n\u00edveis de rad\u00e3o","datePublished":"2025-12-04T18:37:37+00:00","dateModified":"2025-12-04T18:58:31+00:00","mainEntityOfPage":{"@id":"https:\/\/www.acib.pt\/index.php\/2025\/12\/04\/monitorizacao-dos-niveis-de-radao\/"},"wordCount":268,"publisher":{"@id":"https:\/\/www.acib.pt\/#organization"},"image":{"@id":"https:\/\/www.acib.pt\/index.php\/2025\/12\/04\/monitorizacao-dos-niveis-de-radao\/#primaryimage"},"thumbnailUrl":"https:\/\/www.acib.pt\/wp-content\/uploads\/2025\/12\/Radao.png","keywords":["Noticias"],"articleSection":["Not\u00edcias","Uncategorized"],"inLanguage":"pt-PT"},{"@type":"WebPage","@id":"https:\/\/www.acib.pt\/index.php\/2025\/12\/04\/monitorizacao-dos-niveis-de-radao\/","url":"https:\/\/www.acib.pt\/index.php\/2025\/12\/04\/monitorizacao-dos-niveis-de-radao\/","name":"Monitoriza\u00e7\u00e3o dos n\u00edveis de rad\u00e3o - ACIB - Associa\u00e7\u00e3o Comercial e Industrial da Bairrada","isPartOf":{"@id":"https:\/\/www.acib.pt\/#website"},"primaryImageOfPage":{"@id":"https:\/\/www.acib.pt\/index.php\/2025\/12\/04\/monitorizacao-dos-niveis-de-radao\/#primaryimage"},"image":{"@id":"https:\/\/www.acib.pt\/index.php\/2025\/12\/04\/monitorizacao-dos-niveis-de-radao\/#primaryimage"},"thumbnailUrl":"https:\/\/www.acib.pt\/wp-content\/uploads\/2025\/12\/Radao.png","datePublished":"2025-12-04T18:37:37+00:00","dateModified":"2025-12-04T18:58:31+00:00","breadcrumb":{"@id":"https:\/\/www.acib.pt\/index.php\/2025\/12\/04\/monitorizacao-dos-niveis-de-radao\/#breadcrumb"},"inLanguage":"pt-PT","potentialAction":[{"@type":"ReadAction","target":["https:\/\/www.acib.pt\/index.php\/2025\/12\/04\/monitorizacao-dos-niveis-de-radao\/"]}]},{"@type":"ImageObject","inLanguage":"pt-PT","@id":"https:\/\/www.acib.pt\/index.php\/2025\/12\/04\/monitorizacao-dos-niveis-de-radao\/#primaryimage","url":"https:\/\/www.acib.pt\/wp-content\/uploads\/2025\/12\/Radao.png","contentUrl":"https:\/\/www.acib.pt\/wp-content\/uploads\/2025\/12\/Radao.png","width":1920,"height":1080,"caption":"ACIB - monitoriza\u00e7\u00e3o dos n\u00edveis de rad\u00e3o"},{"@type":"BreadcrumbList","@id":"https:\/\/www.acib.pt\/index.php\/2025\/12\/04\/monitorizacao-dos-niveis-de-radao\/#breadcrumb","itemListElement":[{"@type":"ListItem","position":1,"name":"In\u00edcio","item":"https:\/\/www.acib.pt\/"},{"@type":"ListItem","position":2,"name":"Monitoriza\u00e7\u00e3o dos n\u00edveis de rad\u00e3o"}]},{"@type":"WebSite","@id":"https:\/\/www.acib.pt\/#website","url":"https:\/\/www.acib.pt\/","name":"ACIB - Associa\u00e7\u00e3o Comercial e Industrial da Bairrada","description":"","publisher":{"@id":"https:\/\/www.acib.pt\/#organization"},"potentialAction":[{"@type":"SearchAction","target":{"@type":"EntryPoint","urlTemplate":"https:\/\/www.acib.pt\/?s={search_term_string}"},"query-input":{"@type":"PropertyValueSpecification","valueRequired":true,"valueName":"search_term_string"}}],"inLanguage":"pt-PT"},{"@type":"Organization","@id":"https:\/\/www.acib.pt\/#organization","name":"ACIB - Associa\u00e7\u00e3o Comercial e Industrial da Bairrada","url":"https:\/\/www.acib.pt\/","logo":{"@type":"ImageObject","inLanguage":"pt-PT","@id":"https:\/\/www.acib.pt\/#\/schema\/logo\/image\/","url":"https:\/\/www.acib.pt\/wp-content\/uploads\/2022\/05\/logo-header.png","contentUrl":"https:\/\/www.acib.pt\/wp-content\/uploads\/2022\/05\/logo-header.png","width":566,"height":800,"caption":"ACIB - Associa\u00e7\u00e3o Comercial e Industrial da Bairrada"},"image":{"@id":"https:\/\/www.acib.pt\/#\/schema\/logo\/image\/"}},{"@type":"Person","@id":"https:\/\/www.acib.pt\/#\/schema\/person\/7932fd8ebb883963fd1e8040d913cc2b","name":"gestoradmin","url":"https:\/\/www.acib.pt\/index.php\/author\/gestoradmin\/"}]}},"_links":{"self":[{"href":"https:\/\/www.acib.pt\/index.php\/wp-json\/wp\/v2\/posts\/10621","targetHints":{"allow":["GET"]}}],"collection":[{"href":"https:\/\/www.acib.pt\/index.php\/wp-json\/wp\/v2\/posts"}],"about":[{"href":"https:\/\/www.acib.pt\/index.php\/wp-json\/wp\/v2\/types\/post"}],"author":[{"embeddable":true,"href":"https:\/\/www.acib.pt\/index.php\/wp-json\/wp\/v2\/users\/7"}],"replies":[{"embeddable":true,"href":"https:\/\/www.acib.pt\/index.php\/wp-json\/wp\/v2\/comments?post=10621"}],"version-history":[{"count":7,"href":"https:\/\/www.acib.pt\/index.php\/wp-json\/wp\/v2\/posts\/10621\/revisions"}],"predecessor-version":[{"id":10635,"href":"https:\/\/www.acib.pt\/index.php\/wp-json\/wp\/v2\/posts\/10621\/revisions\/10635"}],"wp:featuredmedia":[{"embeddable":true,"href":"https:\/\/www.acib.pt\/index.php\/wp-json\/wp\/v2\/media\/10622"}],"wp:attachment":[{"href":"https:\/\/www.acib.pt\/index.php\/wp-json\/wp\/v2\/media?parent=10621"}],"wp:term":[{"taxonomy":"category","embeddable":true,"href":"https:\/\/www.acib.pt\/index.php\/wp-json\/wp\/v2\/categories?post=10621"},{"taxonomy":"post_tag","embeddable":true,"href":"https:\/\/www.acib.pt\/index.php\/wp-json\/wp\/v2\/tags?post=10621"}],"curies":[{"name":"wp","href":"https:\/\/api.w.org\/{rel}","templated":true}]}}