{"id":11041,"date":"2026-04-23T13:25:32","date_gmt":"2026-04-23T13:25:32","guid":{"rendered":"https:\/\/www.acib.pt\/?p=11041"},"modified":"2026-04-23T13:34:20","modified_gmt":"2026-04-23T13:34:20","slug":"noticias-abril-de-2026","status":"publish","type":"post","link":"https:\/\/www.acib.pt\/index.php\/2026\/04\/23\/noticias-abril-de-2026\/","title":{"rendered":"Not\u00edcias &#8211; Abril de 2026"},"content":{"rendered":"\t\t<div data-elementor-type=\"wp-post\" data-elementor-id=\"11041\" class=\"elementor elementor-11041\">\n\t\t\t\t\t\t<section class=\"elementor-section elementor-top-section elementor-element elementor-element-2b6f93a elementor-section-boxed elementor-section-height-default elementor-section-height-default\" data-id=\"2b6f93a\" data-element_type=\"section\">\n\t\t\t\t\t\t<div class=\"elementor-container elementor-column-gap-default\">\n\t\t\t\t\t<div class=\"elementor-column elementor-col-100 elementor-top-column elementor-element elementor-element-1cfc38c\" data-id=\"1cfc38c\" data-element_type=\"column\">\n\t\t\t<div class=\"elementor-widget-wrap elementor-element-populated\">\n\t\t\t\t\t\t<div class=\"elementor-element elementor-element-6d050f4 elementor-widget elementor-widget-heading\" data-id=\"6d050f4\" data-element_type=\"widget\" data-widget_type=\"heading.default\">\n\t\t\t\t<div class=\"elementor-widget-container\">\n\t\t\t\t\t<h2 class=\"elementor-heading-title elementor-size-default\">Not\u00edcias - Abril de 2026<\/h2>\t\t\t\t<\/div>\n\t\t\t\t<\/div>\n\t\t\t\t\t<\/div>\n\t\t<\/div>\n\t\t\t\t\t<\/div>\n\t\t<\/section>\n\t\t\t\t<section class=\"elementor-section elementor-top-section elementor-element elementor-element-14af043 elementor-section-boxed elementor-section-height-default elementor-section-height-default\" data-id=\"14af043\" data-element_type=\"section\">\n\t\t\t\t\t\t<div class=\"elementor-container elementor-column-gap-default\">\n\t\t\t\t\t<div class=\"elementor-column elementor-col-100 elementor-top-column elementor-element elementor-element-be84453\" data-id=\"be84453\" data-element_type=\"column\">\n\t\t\t<div class=\"elementor-widget-wrap\">\n\t\t\t\t\t\t\t<\/div>\n\t\t<\/div>\n\t\t\t\t\t<\/div>\n\t\t<\/section>\n\t\t\t\t<section class=\"elementor-section elementor-top-section elementor-element elementor-element-25f897e elementor-section-boxed elementor-section-height-default elementor-section-height-default\" data-id=\"25f897e\" data-element_type=\"section\">\n\t\t\t\t\t\t<div class=\"elementor-container elementor-column-gap-default\">\n\t\t\t\t\t<div class=\"elementor-column elementor-col-100 elementor-top-column elementor-element elementor-element-53d456b\" data-id=\"53d456b\" data-element_type=\"column\">\n\t\t\t<div class=\"elementor-widget-wrap elementor-element-populated\">\n\t\t\t\t\t\t<div class=\"elementor-element elementor-element-00bd7dc elementor-widget-divider--view-line elementor-widget elementor-widget-divider\" data-id=\"00bd7dc\" data-element_type=\"widget\" data-widget_type=\"divider.default\">\n\t\t\t\t<div class=\"elementor-widget-container\">\n\t\t\t\t\t\t\t<div class=\"elementor-divider\">\n\t\t\t<span class=\"elementor-divider-separator\">\n\t\t\t\t\t\t<\/span>\n\t\t<\/div>\n\t\t\t\t\t\t<\/div>\n\t\t\t\t<\/div>\n\t\t\t\t<div class=\"elementor-element elementor-element-5558018 elementor-widget elementor-widget-text-editor\" data-id=\"5558018\" data-element_type=\"widget\" data-widget_type=\"text-editor.default\">\n\t\t\t\t<div class=\"elementor-widget-container\">\n\t\t\t\t\t\t\t\t\t<h3>Seguran\u00e7a Social \u2013 Altera\u00e7\u00f5es\/Informa\u00e7\u00f5es com impacto direto na gest\u00e3o das empresas:<\/h3><p><strong>\ud83d\udd39Planos de pagamento de d\u00edvidas \u2013 novas regras (em vigor desde 1 de mar\u00e7o de 2026)<\/strong><\/p><ul><li>O n\u00famero de presta\u00e7\u00f5es passa a depender do tipo de d\u00edvida:<br \/>\u2022 At\u00e9 <strong>24 presta\u00e7\u00f5es<\/strong> para d\u00edvidas de quotiza\u00e7\u00f5es<br \/>\u2022 At\u00e9 <strong>60 presta\u00e7\u00f5es<\/strong> para empresas (outras d\u00edvidas)<\/li><li>Deixa de ser poss\u00edvel juntar novas d\u00edvidas a planos j\u00e1 existentes<\/li><li>Os valores m\u00ednimos por presta\u00e7\u00e3o passam a estar indexados \u00e0 <strong>Unidade de Conta<\/strong><\/li><li>O pedido deve ser feito <strong>online no Portal da Seguran\u00e7a Social<\/strong><\/li><\/ul><p>\u00a0<\/p><p><strong>\ud83d\udd39 Pagamentos mais simples e digitais<\/strong><\/p><ul><li>Pagamentos dispon\u00edveis de forma permanente via:<br \/>\u2022 Multibanco<br \/>\u2022 MB WAY<\/li><\/ul><p>\ud83d\udcc5 <strong>A partir de 1 de maio de 2026:<\/strong><\/p><ul><li>Deixam de ser enviados <strong>avisos em papel<\/strong><\/li><li>Toda a informa\u00e7\u00e3o passa a estar dispon\u00edvel <strong>exclusivamente online<\/strong><\/li><\/ul><p>\u00a0<\/p><p>\ud83d\udc49 Recomenda-se a consulta regular do Portal da Seguran\u00e7a Social<\/p>\t\t\t\t\t\t\t\t<\/div>\n\t\t\t\t<\/div>\n\t\t\t\t<div class=\"elementor-element elementor-element-9c1b98d elementor-widget elementor-widget-text-editor\" data-id=\"9c1b98d\" data-element_type=\"widget\" data-widget_type=\"text-editor.default\">\n\t\t\t\t<div class=\"elementor-widget-container\">\n\t\t\t\t\t\t\t\t\t<h3><strong>Est\u00e1gios sem Custos para as Empresas \u2013 300h \/\/<\/strong><strong>Assistente Administrativo e Recursos Humanos<\/strong><\/h3><p>A ACIB, em parceria com o CFPIMM, encontra-se a dinamizar a 2.\u00aa edi\u00e7\u00e3o do curso \u201cAssistente Administrativo e Recursos Humanos\u201d, no \u00e2mbito da Medida Vida Ativa, iniciada em mar\u00e7o de 2026.<\/p><p>Esta a\u00e7\u00e3o de forma\u00e7\u00e3o, dirigida a adultos desempregados, combina 300 horas de forma\u00e7\u00e3o em sala com 300 horas de est\u00e1gio em contexto real de trabalho, cujo in\u00edcio do est\u00e1gio est\u00e1 previsto para julho de 2026.<\/p><p>Ao longo da componente te\u00f3rica em sala, os formandos desenvolvem compet\u00eancias essenciais em \u00e1reas como:<\/p><ul><li>Comunica\u00e7\u00e3o e intera\u00e7\u00e3o em contexto profissional<\/li><li>Seguran\u00e7a e Sa\u00fade no Trabalho<\/li><li>Legisla\u00e7\u00e3o laboral<\/li><li>Gest\u00e3o de processos administrativos e de recursos humanos<\/li><li>Processamento salarial<\/li><li>Inform\u00e1tica aplicada, incluindo folhas de c\u00e1lculo<\/li><\/ul><p>A fase de est\u00e1gio constitui um momento-chave, permitindo a aplica\u00e7\u00e3o pr\u00e1tica dos conhecimentos adquiridos e promovendo uma integra\u00e7\u00e3o efetiva no contexto empresarial.<\/p><p>Para as empresas da regi\u00e3o, esta \u00e9 uma oportunidade estrat\u00e9gica de acolher estagi\u00e1rios(as) sem qualquer custo, contribuindo simultaneamente para a qualifica\u00e7\u00e3o de novos profissionais e para o refor\u00e7o das suas equipas.<\/p><p>A participa\u00e7\u00e3o neste programa representa tamb\u00e9m um contributo ativo para o desenvolvimento econ\u00f3mico e social local.<\/p><p>Para mais informa\u00e7\u00f5es ou para manifestar interesse em acolher estagi\u00e1rios(as), contacte a ACIB atrav\u00e9s do e-mail <a href=\"mailto:formacao@acib.pt\">formacao@acib.pt<\/a>, ou atrav\u00e9s deste <a href=\"https:\/\/docs.google.com\/forms\/d\/e\/1FAIpQLSdG8TlKpxbT7-kONiVlgmxu3JPIIDU_pL51d64GiEkn5nglLw\/viewform\" target=\"_blank\" rel=\"noopener\">LINK<\/a>.<\/p>\t\t\t\t\t\t\t\t<\/div>\n\t\t\t\t<\/div>\n\t\t\t\t<div class=\"elementor-element elementor-element-3bb220c elementor-widget elementor-widget-text-editor\" data-id=\"3bb220c\" data-element_type=\"widget\" data-widget_type=\"text-editor.default\">\n\t\t\t\t<div class=\"elementor-widget-container\">\n\t\t\t\t\t\t\t\t\t<h3><strong>ISO 9001:2026 e ISO 14001:2026 \u2014 o que muda e como preparar a sua organiza\u00e7\u00e3o<\/strong><\/h3><p>A nova vers\u00e3o da norma ISO 9001 est\u00e1 a caminho e a ISO 14001:2026, acaba de ser publicada. Estas vers\u00f5es trazem consigo uma evolu\u00e7\u00e3o relevante na forma como as organiza\u00e7\u00f5es gerem a qualidade e o ambiente.<br \/><br \/>Ao contr\u00e1rio de revis\u00f5es mais profundas do passado, estas atualiza\u00e7\u00f5es mant\u00eam a estrutura atual das normas. O foco est\u00e1 em refor\u00e7ar temas que j\u00e1 fazem (ou devem fazer) parte do dia a dia das organiza\u00e7\u00f5es: cultura, \u00e9tica, altera\u00e7\u00f5es clim\u00e1ticas e uma abordagem mais consistente ao risco.<br \/><br \/>Na pr\u00e1tica, isto significa que, se j\u00e1 tem um sistema de gest\u00e3o bem implementado, o caminho ser\u00e1 de evolu\u00e7\u00e3o, n\u00e3o de reinven\u00e7\u00e3o.<\/p><p><strong>O que muda, ent\u00e3o?<\/strong><\/p><p>Mais do que \u201cter processos\u201d, passa a ser essencial demonstrar que esses processos funcionam e que geram resultados. A lideran\u00e7a ganha um papel mais vis\u00edvel, a cultura organizacional deixa de ser um conceito abstrato e passa a ser algo que se comprova.<br \/><br \/>H\u00e1 tamb\u00e9m um refor\u00e7o claro na integra\u00e7\u00e3o do contexto externo, incluindo fatores como clima, sustentabilidade e estabilidade das cadeias de fornecimento. O planeamento torna-se mais exigente, mais realista e mais alinhado com os desafios atuais.<br \/><br \/>No caso da ISO 14001, a componente ambiental assume ainda mais protagonismo: sustentabilidade, biodiversidade, uso de recursos e impacto ao longo do ciclo de vida passam a estar no centro da estrat\u00e9gia.<br \/><br \/>Ap\u00f3s a publica\u00e7\u00e3o oficial, prevista para 2026, as organiza\u00e7\u00f5es ter\u00e3o um per\u00edodo de 3 anos para fazer a transi\u00e7\u00e3o at\u00e9 2029. Tempo suficiente para adaptar o sistema de forma estruturada e sem press\u00e3o.<br \/><br \/>Se est\u00e1 em processo de certifica\u00e7\u00e3o, faz sentido avan\u00e7ar j\u00e1 com a vers\u00e3o atual, mas com um olhar no futuro. Se j\u00e1 est\u00e1 certificado, este \u00e9 o momento ideal para come\u00e7ar a preparar o sistema e integrar, desde j\u00e1, os novos temas.<\/p><p>A ACIB ir\u00e1 promover em breve um Workshop para abordar as principais altera\u00e7\u00f5es a ter em conta pelas empresas.<\/p>\t\t\t\t\t\t\t\t<\/div>\n\t\t\t\t<\/div>\n\t\t\t\t<div class=\"elementor-element elementor-element-c0d9ec9 elementor-widget elementor-widget-text-editor\" data-id=\"c0d9ec9\" data-element_type=\"widget\" data-widget_type=\"text-editor.default\">\n\t\t\t\t<div class=\"elementor-widget-container\">\n\t\t\t\t\t\t\t\t\t<h3><strong>Relat\u00f3rio \u00danico (RU)<\/strong><\/h3><p>O Relat\u00f3rio \u00danico (RU) constitui uma obriga\u00e7\u00e3o legal aplic\u00e1vel a todas as entidades empregadoras com trabalhadores por conta de outrem, devendo ser submetido anualmente, nos termos do artigo 32.\u00ba da Lei n.\u00ba 105\/2009.<\/p><p>O RU agrega informa\u00e7\u00e3o sobre a atividade social da empresa, incluindo quadros de pessoal, forma\u00e7\u00e3o profissional e seguran\u00e7a e sa\u00fade no trabalho.<\/p><p>De acordo com comunica\u00e7\u00e3o oficial de 13 de mar\u00e7o de 2026, o per\u00edodo de submiss\u00e3o do RU referente a 2025 decorrer\u00e1, a t\u00edtulo excecional, entre 4 e 31 de maio de 2026 .<\/p><p>Mais informa\u00e7\u00f5es <a href=\"https:\/\/www.relatoriounico.pt\/ru\/login.seam?utm_source=Comunica%C3%A7%C3%A3o+CTCV&amp;utm_campaign=ff84241967-EMAIL_CAMPAIGN_2026_03_31_02_40&amp;utm_medium=email&amp;utm_term=0_-ff84241967-141621537\">AQUI<\/a><\/p>\t\t\t\t\t\t\t\t<\/div>\n\t\t\t\t<\/div>\n\t\t\t\t<div class=\"elementor-element elementor-element-b1d1b0a elementor-widget elementor-widget-text-editor\" data-id=\"b1d1b0a\" data-element_type=\"widget\" data-widget_type=\"text-editor.default\">\n\t\t\t\t<div class=\"elementor-widget-container\">\n\t\t\t\t\t\t\t\t\t<h3><strong>Mapa de F\u00e9rias<\/strong><\/h3><p>Recordamos que o mapa de f\u00e9rias, definitivo, do pessoal, dever\u00e1 ser afixado nos locais de trabalho entre 15 de abril e 31 de outubro de cada ano e dele deve constar o in\u00edcio e o termo dos per\u00edodos de f\u00e9rias de cada trabalhador.<\/p>\t\t\t\t\t\t\t\t<\/div>\n\t\t\t\t<\/div>\n\t\t\t\t<div class=\"elementor-element elementor-element-8553885 elementor-widget elementor-widget-text-editor\" data-id=\"8553885\" data-element_type=\"widget\" data-widget_type=\"text-editor.default\">\n\t\t\t\t<div class=\"elementor-widget-container\">\n\t\t\t\t\t\t\t\t\t<h3><strong>Concerto Solid\u00e1rio \u201cHOPE\u201d \u2013 Apoie uma causa com impacto<\/strong><\/h3><p><img fetchpriority=\"high\" decoding=\"async\" class=\"alignnone size-medium wp-image-11046\" src=\"https:\/\/www.acib.pt\/wp-content\/uploads\/2026\/04\/Cartaz-concerto-solidario-17-maio-2026-212x300.jpg\" alt=\"\" width=\"212\" height=\"300\" srcset=\"https:\/\/www.acib.pt\/wp-content\/uploads\/2026\/04\/Cartaz-concerto-solidario-17-maio-2026-212x300.jpg 212w, https:\/\/www.acib.pt\/wp-content\/uploads\/2026\/04\/Cartaz-concerto-solidario-17-maio-2026-724x1024.jpg 724w, https:\/\/www.acib.pt\/wp-content\/uploads\/2026\/04\/Cartaz-concerto-solidario-17-maio-2026-768x1086.jpg 768w, https:\/\/www.acib.pt\/wp-content\/uploads\/2026\/04\/Cartaz-concerto-solidario-17-maio-2026-1086x1536.jpg 1086w, https:\/\/www.acib.pt\/wp-content\/uploads\/2026\/04\/Cartaz-concerto-solidario-17-maio-2026.jpg 1448w\" sizes=\"(max-width: 212px) 100vw, 212px\" \/><\/p><p>No \u00e2mbito do seu compromisso com a responsabilidade social e com a dinamiza\u00e7\u00e3o da comunidade local, a ACIB associa-se \u00e0 divulga\u00e7\u00e3o de iniciativas que promovem causas de relevante interesse social.<\/p><p>A <strong>Calio\u00e1sis<\/strong>, associa\u00e7\u00e3o sem fins lucrativos que apoia crian\u00e7as com cancro e outras doen\u00e7as graves na Regi\u00e3o Centro, promove o concerto solid\u00e1rio <strong>\u201cHOPE\u201d<\/strong>, no pr\u00f3ximo dia 17 de Maio, em Oliveira do Bairro, uma iniciativa que alia cultura e solidariedade.<\/p><p>As empresas podem apoiar esta iniciativa atrav\u00e9s da <strong>aquisi\u00e7\u00e3o de bilhetes solid\u00e1rios para colaboradores<\/strong>, contribuindo assim para apoiar o trabalho desenvolvido junto das crian\u00e7as e fam\u00edlias acompanhadas pela Calio\u00e1sis.<br \/>\ud83c\udf9f\ufe0f Bilhetes dispon\u00edveis em: <a href=\"https:\/\/www.ticketline.pt\/evento\/concerto-hope-go-103431\">https:\/\/www.ticketline.pt\/evento\/concerto-hope-go-103431<\/a><\/p><p>Ao participar, estar\u00e1 n\u00e3o s\u00f3 a proporcionar um momento cultural de qualidade, como tamb\u00e9m a fazer a diferen\u00e7a na vida de quem mais precisa.<\/p>\t\t\t\t\t\t\t\t<\/div>\n\t\t\t\t<\/div>\n\t\t\t\t\t<\/div>\n\t\t<\/div>\n\t\t\t\t\t<\/div>\n\t\t<\/section>\n\t\t\t\t<\/div>\n\t\t","protected":false},"excerpt":{"rendered":"<p>Not\u00edcias, Iniciativas e Novidades da sua Associa\u00e7\u00e3o Empresarial.<\/p>\n","protected":false},"author":7,"featured_media":0,"comment_status":"closed","ping_status":"closed","sticky":false,"template":"","format":"standard","meta":{"footnotes":""},"categories":[6],"tags":[56,14],"class_list":["post-11041","post","type-post","status-publish","format-standard","hentry","category-noticias","tag-entrevistas","tag-noticias"],"yoast_head":"<!-- This site is optimized with the Yoast SEO plugin v26.1.1 - https:\/\/yoast.com\/wordpress\/plugins\/seo\/ -->\n<title>Not\u00edcias - Abril de 2026 - ACIB - Associa\u00e7\u00e3o Comercial e Industrial da Bairrada<\/title>\n<meta name=\"robots\" content=\"index, follow, max-snippet:-1, max-image-preview:large, max-video-preview:-1\" \/>\n<link rel=\"canonical\" href=\"https:\/\/www.acib.pt\/index.php\/2026\/04\/23\/noticias-abril-de-2026\/\" \/>\n<meta property=\"og:locale\" content=\"pt_PT\" \/>\n<meta property=\"og:type\" content=\"article\" \/>\n<meta property=\"og:title\" content=\"Not\u00edcias - Abril de 2026 - ACIB - Associa\u00e7\u00e3o Comercial e Industrial da Bairrada\" \/>\n<meta property=\"og:description\" content=\"Not\u00edcias, Iniciativas e Novidades da sua Associa\u00e7\u00e3o Empresarial.\" \/>\n<meta property=\"og:url\" content=\"https:\/\/www.acib.pt\/index.php\/2026\/04\/23\/noticias-abril-de-2026\/\" \/>\n<meta property=\"og:site_name\" content=\"ACIB - Associa\u00e7\u00e3o Comercial e Industrial da Bairrada\" \/>\n<meta property=\"article:published_time\" content=\"2026-04-23T13:25:32+00:00\" \/>\n<meta property=\"article:modified_time\" content=\"2026-04-23T13:34:20+00:00\" \/>\n<meta property=\"og:image\" content=\"https:\/\/www.acib.pt\/wp-content\/uploads\/2026\/04\/Cartaz-concerto-solidario-17-maio-2026.jpg\" \/>\n\t<meta property=\"og:image:width\" content=\"1448\" \/>\n\t<meta property=\"og:image:height\" content=\"2048\" \/>\n\t<meta property=\"og:image:type\" content=\"image\/jpeg\" \/>\n<meta name=\"author\" content=\"gestoradmin\" \/>\n<meta name=\"twitter:card\" content=\"summary_large_image\" \/>\n<meta name=\"twitter:label1\" content=\"Escrito por\" \/>\n\t<meta name=\"twitter:data1\" content=\"gestoradmin\" \/>\n\t<meta name=\"twitter:label2\" content=\"Tempo estimado de leitura\" \/>\n\t<meta name=\"twitter:data2\" content=\"6 minutos\" \/>\n<script type=\"application\/ld+json\" class=\"yoast-schema-graph\">{\"@context\":\"https:\/\/schema.org\",\"@graph\":[{\"@type\":\"Article\",\"@id\":\"https:\/\/www.acib.pt\/index.php\/2026\/04\/23\/noticias-abril-de-2026\/#article\",\"isPartOf\":{\"@id\":\"https:\/\/www.acib.pt\/index.php\/2026\/04\/23\/noticias-abril-de-2026\/\"},\"author\":{\"name\":\"gestoradmin\",\"@id\":\"https:\/\/www.acib.pt\/#\/schema\/person\/7932fd8ebb883963fd1e8040d913cc2b\"},\"headline\":\"Not\u00edcias &#8211; Abril de 2026\",\"datePublished\":\"2026-04-23T13:25:32+00:00\",\"dateModified\":\"2026-04-23T13:34:20+00:00\",\"mainEntityOfPage\":{\"@id\":\"https:\/\/www.acib.pt\/index.php\/2026\/04\/23\/noticias-abril-de-2026\/\"},\"wordCount\":1063,\"publisher\":{\"@id\":\"https:\/\/www.acib.pt\/#organization\"},\"image\":{\"@id\":\"https:\/\/www.acib.pt\/index.php\/2026\/04\/23\/noticias-abril-de-2026\/#primaryimage\"},\"thumbnailUrl\":\"https:\/\/www.acib.pt\/wp-content\/uploads\/2026\/04\/Cartaz-concerto-solidario-17-maio-2026-212x300.jpg\",\"keywords\":[\"Entrevistas\",\"Noticias\"],\"articleSection\":[\"Not\u00edcias\"],\"inLanguage\":\"pt-PT\"},{\"@type\":\"WebPage\",\"@id\":\"https:\/\/www.acib.pt\/index.php\/2026\/04\/23\/noticias-abril-de-2026\/\",\"url\":\"https:\/\/www.acib.pt\/index.php\/2026\/04\/23\/noticias-abril-de-2026\/\",\"name\":\"Not\u00edcias - Abril de 2026 - ACIB - Associa\u00e7\u00e3o Comercial e Industrial da Bairrada\",\"isPartOf\":{\"@id\":\"https:\/\/www.acib.pt\/#website\"},\"primaryImageOfPage\":{\"@id\":\"https:\/\/www.acib.pt\/index.php\/2026\/04\/23\/noticias-abril-de-2026\/#primaryimage\"},\"image\":{\"@id\":\"https:\/\/www.acib.pt\/index.php\/2026\/04\/23\/noticias-abril-de-2026\/#primaryimage\"},\"thumbnailUrl\":\"https:\/\/www.acib.pt\/wp-content\/uploads\/2026\/04\/Cartaz-concerto-solidario-17-maio-2026-212x300.jpg\",\"datePublished\":\"2026-04-23T13:25:32+00:00\",\"dateModified\":\"2026-04-23T13:34:20+00:00\",\"breadcrumb\":{\"@id\":\"https:\/\/www.acib.pt\/index.php\/2026\/04\/23\/noticias-abril-de-2026\/#breadcrumb\"},\"inLanguage\":\"pt-PT\",\"potentialAction\":[{\"@type\":\"ReadAction\",\"target\":[\"https:\/\/www.acib.pt\/index.php\/2026\/04\/23\/noticias-abril-de-2026\/\"]}]},{\"@type\":\"ImageObject\",\"inLanguage\":\"pt-PT\",\"@id\":\"https:\/\/www.acib.pt\/index.php\/2026\/04\/23\/noticias-abril-de-2026\/#primaryimage\",\"url\":\"https:\/\/www.acib.pt\/wp-content\/uploads\/2026\/04\/Cartaz-concerto-solidario-17-maio-2026.jpg\",\"contentUrl\":\"https:\/\/www.acib.pt\/wp-content\/uploads\/2026\/04\/Cartaz-concerto-solidario-17-maio-2026.jpg\",\"width\":1448,\"height\":2048},{\"@type\":\"BreadcrumbList\",\"@id\":\"https:\/\/www.acib.pt\/index.php\/2026\/04\/23\/noticias-abril-de-2026\/#breadcrumb\",\"itemListElement\":[{\"@type\":\"ListItem\",\"position\":1,\"name\":\"In\u00edcio\",\"item\":\"https:\/\/www.acib.pt\/\"},{\"@type\":\"ListItem\",\"position\":2,\"name\":\"Not\u00edcias &#8211; Abril de 2026\"}]},{\"@type\":\"WebSite\",\"@id\":\"https:\/\/www.acib.pt\/#website\",\"url\":\"https:\/\/www.acib.pt\/\",\"name\":\"ACIB - Associa\u00e7\u00e3o Comercial e Industrial da Bairrada\",\"description\":\"\",\"publisher\":{\"@id\":\"https:\/\/www.acib.pt\/#organization\"},\"potentialAction\":[{\"@type\":\"SearchAction\",\"target\":{\"@type\":\"EntryPoint\",\"urlTemplate\":\"https:\/\/www.acib.pt\/?s={search_term_string}\"},\"query-input\":{\"@type\":\"PropertyValueSpecification\",\"valueRequired\":true,\"valueName\":\"search_term_string\"}}],\"inLanguage\":\"pt-PT\"},{\"@type\":\"Organization\",\"@id\":\"https:\/\/www.acib.pt\/#organization\",\"name\":\"ACIB - Associa\u00e7\u00e3o Comercial e Industrial da Bairrada\",\"url\":\"https:\/\/www.acib.pt\/\",\"logo\":{\"@type\":\"ImageObject\",\"inLanguage\":\"pt-PT\",\"@id\":\"https:\/\/www.acib.pt\/#\/schema\/logo\/image\/\",\"url\":\"https:\/\/www.acib.pt\/wp-content\/uploads\/2022\/05\/logo-header.png\",\"contentUrl\":\"https:\/\/www.acib.pt\/wp-content\/uploads\/2022\/05\/logo-header.png\",\"width\":566,\"height\":800,\"caption\":\"ACIB - Associa\u00e7\u00e3o Comercial e Industrial da Bairrada\"},\"image\":{\"@id\":\"https:\/\/www.acib.pt\/#\/schema\/logo\/image\/\"}},{\"@type\":\"Person\",\"@id\":\"https:\/\/www.acib.pt\/#\/schema\/person\/7932fd8ebb883963fd1e8040d913cc2b\",\"name\":\"gestoradmin\",\"url\":\"https:\/\/www.acib.pt\/index.php\/author\/gestoradmin\/\"}]}<\/script>\n<!-- \/ Yoast SEO plugin. -->","yoast_head_json":{"title":"Not\u00edcias - Abril de 2026 - ACIB - Associa\u00e7\u00e3o Comercial e Industrial da Bairrada","robots":{"index":"index","follow":"follow","max-snippet":"max-snippet:-1","max-image-preview":"max-image-preview:large","max-video-preview":"max-video-preview:-1"},"canonical":"https:\/\/www.acib.pt\/index.php\/2026\/04\/23\/noticias-abril-de-2026\/","og_locale":"pt_PT","og_type":"article","og_title":"Not\u00edcias - Abril de 2026 - ACIB - Associa\u00e7\u00e3o Comercial e Industrial da Bairrada","og_description":"Not\u00edcias, Iniciativas e Novidades da sua Associa\u00e7\u00e3o Empresarial.","og_url":"https:\/\/www.acib.pt\/index.php\/2026\/04\/23\/noticias-abril-de-2026\/","og_site_name":"ACIB - Associa\u00e7\u00e3o Comercial e Industrial da Bairrada","article_published_time":"2026-04-23T13:25:32+00:00","article_modified_time":"2026-04-23T13:34:20+00:00","og_image":[{"width":1448,"height":2048,"url":"https:\/\/www.acib.pt\/wp-content\/uploads\/2026\/04\/Cartaz-concerto-solidario-17-maio-2026.jpg","type":"image\/jpeg"}],"author":"gestoradmin","twitter_card":"summary_large_image","twitter_misc":{"Escrito por":"gestoradmin","Tempo estimado de leitura":"6 minutos"},"schema":{"@context":"https:\/\/schema.org","@graph":[{"@type":"Article","@id":"https:\/\/www.acib.pt\/index.php\/2026\/04\/23\/noticias-abril-de-2026\/#article","isPartOf":{"@id":"https:\/\/www.acib.pt\/index.php\/2026\/04\/23\/noticias-abril-de-2026\/"},"author":{"name":"gestoradmin","@id":"https:\/\/www.acib.pt\/#\/schema\/person\/7932fd8ebb883963fd1e8040d913cc2b"},"headline":"Not\u00edcias &#8211; Abril de 2026","datePublished":"2026-04-23T13:25:32+00:00","dateModified":"2026-04-23T13:34:20+00:00","mainEntityOfPage":{"@id":"https:\/\/www.acib.pt\/index.php\/2026\/04\/23\/noticias-abril-de-2026\/"},"wordCount":1063,"publisher":{"@id":"https:\/\/www.acib.pt\/#organization"},"image":{"@id":"https:\/\/www.acib.pt\/index.php\/2026\/04\/23\/noticias-abril-de-2026\/#primaryimage"},"thumbnailUrl":"https:\/\/www.acib.pt\/wp-content\/uploads\/2026\/04\/Cartaz-concerto-solidario-17-maio-2026-212x300.jpg","keywords":["Entrevistas","Noticias"],"articleSection":["Not\u00edcias"],"inLanguage":"pt-PT"},{"@type":"WebPage","@id":"https:\/\/www.acib.pt\/index.php\/2026\/04\/23\/noticias-abril-de-2026\/","url":"https:\/\/www.acib.pt\/index.php\/2026\/04\/23\/noticias-abril-de-2026\/","name":"Not\u00edcias - Abril de 2026 - ACIB - Associa\u00e7\u00e3o Comercial e Industrial da Bairrada","isPartOf":{"@id":"https:\/\/www.acib.pt\/#website"},"primaryImageOfPage":{"@id":"https:\/\/www.acib.pt\/index.php\/2026\/04\/23\/noticias-abril-de-2026\/#primaryimage"},"image":{"@id":"https:\/\/www.acib.pt\/index.php\/2026\/04\/23\/noticias-abril-de-2026\/#primaryimage"},"thumbnailUrl":"https:\/\/www.acib.pt\/wp-content\/uploads\/2026\/04\/Cartaz-concerto-solidario-17-maio-2026-212x300.jpg","datePublished":"2026-04-23T13:25:32+00:00","dateModified":"2026-04-23T13:34:20+00:00","breadcrumb":{"@id":"https:\/\/www.acib.pt\/index.php\/2026\/04\/23\/noticias-abril-de-2026\/#breadcrumb"},"inLanguage":"pt-PT","potentialAction":[{"@type":"ReadAction","target":["https:\/\/www.acib.pt\/index.php\/2026\/04\/23\/noticias-abril-de-2026\/"]}]},{"@type":"ImageObject","inLanguage":"pt-PT","@id":"https:\/\/www.acib.pt\/index.php\/2026\/04\/23\/noticias-abril-de-2026\/#primaryimage","url":"https:\/\/www.acib.pt\/wp-content\/uploads\/2026\/04\/Cartaz-concerto-solidario-17-maio-2026.jpg","contentUrl":"https:\/\/www.acib.pt\/wp-content\/uploads\/2026\/04\/Cartaz-concerto-solidario-17-maio-2026.jpg","width":1448,"height":2048},{"@type":"BreadcrumbList","@id":"https:\/\/www.acib.pt\/index.php\/2026\/04\/23\/noticias-abril-de-2026\/#breadcrumb","itemListElement":[{"@type":"ListItem","position":1,"name":"In\u00edcio","item":"https:\/\/www.acib.pt\/"},{"@type":"ListItem","position":2,"name":"Not\u00edcias &#8211; Abril de 2026"}]},{"@type":"WebSite","@id":"https:\/\/www.acib.pt\/#website","url":"https:\/\/www.acib.pt\/","name":"ACIB - Associa\u00e7\u00e3o Comercial e Industrial da Bairrada","description":"","publisher":{"@id":"https:\/\/www.acib.pt\/#organization"},"potentialAction":[{"@type":"SearchAction","target":{"@type":"EntryPoint","urlTemplate":"https:\/\/www.acib.pt\/?s={search_term_string}"},"query-input":{"@type":"PropertyValueSpecification","valueRequired":true,"valueName":"search_term_string"}}],"inLanguage":"pt-PT"},{"@type":"Organization","@id":"https:\/\/www.acib.pt\/#organization","name":"ACIB - Associa\u00e7\u00e3o Comercial e Industrial da Bairrada","url":"https:\/\/www.acib.pt\/","logo":{"@type":"ImageObject","inLanguage":"pt-PT","@id":"https:\/\/www.acib.pt\/#\/schema\/logo\/image\/","url":"https:\/\/www.acib.pt\/wp-content\/uploads\/2022\/05\/logo-header.png","contentUrl":"https:\/\/www.acib.pt\/wp-content\/uploads\/2022\/05\/logo-header.png","width":566,"height":800,"caption":"ACIB - Associa\u00e7\u00e3o Comercial e Industrial da Bairrada"},"image":{"@id":"https:\/\/www.acib.pt\/#\/schema\/logo\/image\/"}},{"@type":"Person","@id":"https:\/\/www.acib.pt\/#\/schema\/person\/7932fd8ebb883963fd1e8040d913cc2b","name":"gestoradmin","url":"https:\/\/www.acib.pt\/index.php\/author\/gestoradmin\/"}]}},"_links":{"self":[{"href":"https:\/\/www.acib.pt\/index.php\/wp-json\/wp\/v2\/posts\/11041","targetHints":{"allow":["GET"]}}],"collection":[{"href":"https:\/\/www.acib.pt\/index.php\/wp-json\/wp\/v2\/posts"}],"about":[{"href":"https:\/\/www.acib.pt\/index.php\/wp-json\/wp\/v2\/types\/post"}],"author":[{"embeddable":true,"href":"https:\/\/www.acib.pt\/index.php\/wp-json\/wp\/v2\/users\/7"}],"replies":[{"embeddable":true,"href":"https:\/\/www.acib.pt\/index.php\/wp-json\/wp\/v2\/comments?post=11041"}],"version-history":[{"count":7,"href":"https:\/\/www.acib.pt\/index.php\/wp-json\/wp\/v2\/posts\/11041\/revisions"}],"predecessor-version":[{"id":11049,"href":"https:\/\/www.acib.pt\/index.php\/wp-json\/wp\/v2\/posts\/11041\/revisions\/11049"}],"wp:attachment":[{"href":"https:\/\/www.acib.pt\/index.php\/wp-json\/wp\/v2\/media?parent=11041"}],"wp:term":[{"taxonomy":"category","embeddable":true,"href":"https:\/\/www.acib.pt\/index.php\/wp-json\/wp\/v2\/categories?post=11041"},{"taxonomy":"post_tag","embeddable":true,"href":"https:\/\/www.acib.pt\/index.php\/wp-json\/wp\/v2\/tags?post=11041"}],"curies":[{"name":"wp","href":"https:\/\/api.w.org\/{rel}","templated":true}]}}