{"id":11050,"date":"2026-04-23T13:47:59","date_gmt":"2026-04-23T13:47:59","guid":{"rendered":"https:\/\/www.acib.pt\/?p=11050"},"modified":"2026-04-23T13:57:57","modified_gmt":"2026-04-23T13:57:57","slug":"novo-associado-cca-ceramic-solutions","status":"publish","type":"post","link":"https:\/\/www.acib.pt\/index.php\/2026\/04\/23\/novo-associado-cca-ceramic-solutions\/","title":{"rendered":"Novo Associado CCA Ceramic Solutions"},"content":{"rendered":"\t\t<div data-elementor-type=\"wp-post\" data-elementor-id=\"11050\" class=\"elementor elementor-11050\">\n\t\t\t\t\t\t<section class=\"elementor-section elementor-top-section elementor-element elementor-element-2b6f93a elementor-section-boxed elementor-section-height-default elementor-section-height-default\" data-id=\"2b6f93a\" data-element_type=\"section\">\n\t\t\t\t\t\t<div class=\"elementor-container elementor-column-gap-default\">\n\t\t\t\t\t<div class=\"elementor-column elementor-col-100 elementor-top-column elementor-element elementor-element-1cfc38c\" data-id=\"1cfc38c\" data-element_type=\"column\">\n\t\t\t<div class=\"elementor-widget-wrap elementor-element-populated\">\n\t\t\t\t\t\t<div class=\"elementor-element elementor-element-6d050f4 elementor-widget elementor-widget-heading\" data-id=\"6d050f4\" data-element_type=\"widget\" data-widget_type=\"heading.default\">\n\t\t\t\t<div class=\"elementor-widget-container\">\n\t\t\t\t\t<h2 class=\"elementor-heading-title elementor-size-default\">Entrevista Novo Associado - CCA Ceramic Solutions<\/h2>\t\t\t\t<\/div>\n\t\t\t\t<\/div>\n\t\t\t\t\t<\/div>\n\t\t<\/div>\n\t\t\t\t\t<\/div>\n\t\t<\/section>\n\t\t\t\t<section class=\"elementor-section elementor-top-section elementor-element elementor-element-14af043 elementor-section-boxed elementor-section-height-default elementor-section-height-default\" data-id=\"14af043\" data-element_type=\"section\">\n\t\t\t\t\t\t<div class=\"elementor-container elementor-column-gap-default\">\n\t\t\t\t\t<div class=\"elementor-column elementor-col-100 elementor-top-column elementor-element elementor-element-be84453\" data-id=\"be84453\" data-element_type=\"column\">\n\t\t\t<div class=\"elementor-widget-wrap\">\n\t\t\t\t\t\t\t<\/div>\n\t\t<\/div>\n\t\t\t\t\t<\/div>\n\t\t<\/section>\n\t\t\t\t<section class=\"elementor-section elementor-top-section elementor-element elementor-element-25f897e elementor-section-boxed elementor-section-height-default elementor-section-height-default\" data-id=\"25f897e\" data-element_type=\"section\">\n\t\t\t\t\t\t<div class=\"elementor-container elementor-column-gap-default\">\n\t\t\t\t\t<div class=\"elementor-column elementor-col-100 elementor-top-column elementor-element elementor-element-53d456b\" data-id=\"53d456b\" data-element_type=\"column\">\n\t\t\t<div class=\"elementor-widget-wrap elementor-element-populated\">\n\t\t\t\t\t\t<div class=\"elementor-element elementor-element-8bfa23b elementor-widget elementor-widget-image\" data-id=\"8bfa23b\" data-element_type=\"widget\" data-widget_type=\"image.default\">\n\t\t\t\t<div class=\"elementor-widget-container\">\n\t\t\t\t\t\t\t\t\t\t\t\t\t\t\t<img fetchpriority=\"high\" decoding=\"async\" width=\"768\" height=\"960\" src=\"https:\/\/www.acib.pt\/wp-content\/uploads\/2026\/04\/Novos-associados_CCA-768x960.png\" class=\"attachment-medium_large size-medium_large wp-image-11053\" alt=\"Novo associado ACIB\" srcset=\"https:\/\/www.acib.pt\/wp-content\/uploads\/2026\/04\/Novos-associados_CCA-768x960.png 768w, https:\/\/www.acib.pt\/wp-content\/uploads\/2026\/04\/Novos-associados_CCA-240x300.png 240w, https:\/\/www.acib.pt\/wp-content\/uploads\/2026\/04\/Novos-associados_CCA-819x1024.png 819w, https:\/\/www.acib.pt\/wp-content\/uploads\/2026\/04\/Novos-associados_CCA.png 1080w\" sizes=\"(max-width: 768px) 100vw, 768px\" \/>\t\t\t\t\t\t\t\t\t\t\t\t\t\t\t<\/div>\n\t\t\t\t<\/div>\n\t\t\t\t<div class=\"elementor-element elementor-element-00bd7dc elementor-widget-divider--view-line elementor-widget elementor-widget-divider\" data-id=\"00bd7dc\" data-element_type=\"widget\" data-widget_type=\"divider.default\">\n\t\t\t\t<div class=\"elementor-widget-container\">\n\t\t\t\t\t\t\t<div class=\"elementor-divider\">\n\t\t\t<span class=\"elementor-divider-separator\">\n\t\t\t\t\t\t<\/span>\n\t\t<\/div>\n\t\t\t\t\t\t<\/div>\n\t\t\t\t<\/div>\n\t\t\t\t<div class=\"elementor-element elementor-element-5558018 elementor-widget elementor-widget-text-editor\" data-id=\"5558018\" data-element_type=\"widget\" data-widget_type=\"text-editor.default\">\n\t\t\t\t<div class=\"elementor-widget-container\">\n\t\t\t\t\t\t\t\t\t<h4><b>1.Como surgiu e qual o percurso percorrido pela vossa empresa ao longo dos anos?<\/b><\/h4><p>A CCA completa 30 anos precisamente este ano, tendo sido constitu\u00edda em 1996 no \u00e2mbito de uma <em>joint venture<\/em> entre uma empresa comercial francesa e uma empresa industrial portuguesa. Esta parceria aliou o <em>know-how<\/em> industrial da produ\u00e7\u00e3o de lou\u00e7a cer\u00e2mica, existente na Bairrada, ao conhecimento e \u00e0 proximidade comercial vigentes em Fran\u00e7a. Ao longo dos anos, a estrutura acionista sofreu alguns movimentos, mas sempre preserv\u00e1mos este bin\u00f3mio franco-portugu\u00eas como parte indissoci\u00e1vel da nossa identidade.<\/p><p>Inicialmente, a CCA dedicava-se exclusivamente \u00e0 produ\u00e7\u00e3o de cer\u00e2mica destinada ao setor alimentar \u2014 pratos para pr\u00e9-cozinhados, ultracongelados, sobremesas, entradas e pat\u00e9s \u2014 estando presente junto dos grandes <em>players<\/em> do setor alimentar franc\u00eas e tendo como destinat\u00e1rios finais todas as grandes superf\u00edcies que conhecemos. Posteriormente, diversific\u00e1mos a nossa oferta de produtos, mantendo-nos sempre na \u00e1rea da lou\u00e7a cer\u00e2mica, mas orientando-nos para finalidades mais utilit\u00e1rias e dom\u00e9sticas. Atualmente, conseguimos oferecer produtos distintivos e fornecer cadeias de lojas por toda a Europa.<\/p><h4><strong>2.Quais as maiores dificuldades que reconhece existirem para a vossa empresa, na actual conjuntura econ\u00f3mica e que medidas tomam para as ultrapassar?<\/strong><\/h4><p>No per\u00edodo atual, assistimos a uma perturba\u00e7\u00e3o de alcance mundial, decorrente do conflito entre os EUA e o Ir\u00e3o, cujas repercuss\u00f5es se fazem sentir em toda a economia, mas de modo particularmente acentuado na ind\u00fastria cer\u00e2mica, dado o seu car\u00e1cter energeticamente intensivo. O aumento do custo da energia, em especial do g\u00e1s natural, imp\u00f5e desafios significativos e exerce press\u00e3o sobre a estrutura de custos, n\u00e3o existindo, atualmente, alternativas tecnol\u00f3gicas \u00e0 escala industrial que permitam diversificar a fonte de energia no processo de cozedura de produtos cer\u00e2micos a 1200\u00b0C. Noutras \u00e1reas do processo industrial, a eletrifica\u00e7\u00e3o avan\u00e7a progressivamente, contribuindo assim para a descarboniza\u00e7\u00e3o.<\/p><p>Acresce uma s\u00e9rie de fatores transversais a toda a economia, desde a press\u00e3o associada \u00e0 sustentabilidade at\u00e9 ao cumprimento de exig\u00eancias regulat\u00f3rias de diversa natureza, as quais podem traduzir-se num aumento de custos e num potencial desequil\u00edbrio da nossa competitividade no mercado global, particularmente quando comparados com produtos oriundos de outras geografias.<\/p><p>Outro tema que nos \u00e9 particularmente sens\u00edvel prende-se com a \u00e1rea dos recursos humanos, a qual tem assumido, na nossa gest\u00e3o, um papel de relevo e de intensidade crescente. A escassez de profissionais nas \u00e1reas t\u00e9cnicas, aliada a uma dificuldade generalizada de recrutamento, coloca a organiza\u00e7\u00e3o sob press\u00e3o. A gest\u00e3o do nosso talento e a reten\u00e7\u00e3o de colaboradores exigem, assim, novas abordagens e uma aten\u00e7\u00e3o especial.<\/p><h4><strong>3.O que diferencia a vossa empresa de outras do mesmo ramo?<\/strong><\/h4><p>A proximidade com o cliente, a procura constante das melhores solu\u00e7\u00f5es para lhe apresentar, a inova\u00e7\u00e3o cont\u00ednua de produtos, bem como a flexibilidade produtiva e o elevado n\u00edvel de servi\u00e7o \u2013 tudo isto confere ao cliente uma garantia distintiva e uma confian\u00e7a s\u00f3lida nos nossos produtos e servi\u00e7os.<\/p><h4><strong>4.Que previs\u00e3o e projetos t\u00eam para o futuro?<\/strong><\/h4><p>Na \u00e1rea industrial, temos como objetivo o aumento da automatiza\u00e7\u00e3o de algumas tarefas do processo de fabrico, bem como a digitaliza\u00e7\u00e3o integral do ciclo de cria\u00e7\u00e3o de novos produtos \u2014 desde o desenho at\u00e9 \u00e0 produ\u00e7\u00e3o de prot\u00f3tipos e das primeiras amostras. Na \u00e1rea comercial, ambicionamos aprofundar o processo de constru\u00e7\u00e3o da nossa marca pr\u00f3pria, de modo a projetar a empresa para outro tipo de clientes e mercados.<\/p><p><strong>5.Em que medida considera importante o trabalho de uma associa\u00e7\u00e3o no apoio \u00e0s empresas suas associadas?<\/strong><\/p><p>O trabalho de uma associa\u00e7\u00e3o industrial assume, atualmente, uma import\u00e2ncia crescente no nosso tecido empresarial, constitu\u00eddo sobretudo por PME que, devido \u00e0 sua dimens\u00e3o, dificilmente conseguem integrar a totalidade do conhecimento e das compet\u00eancias necess\u00e1rias para melhorar a sua competitividade e dar resposta a todas as exig\u00eancias solicitadas pelos seus <em>stakeholders<\/em>. A lideran\u00e7a de projetos formativos, a consultoria ambiental, jur\u00eddica e energ\u00e9tica s\u00e3o alguns exemplos de dom\u00ednios em que a escala de uma associa\u00e7\u00e3o pode contribuir significativamente para que os empres\u00e1rios se concentrem nas \u00e1reas chave do seu neg\u00f3cio.<\/p><p><a href=\"https:\/\/ccaceramica.com\/\" target=\"_blank\" rel=\"noopener\">Website CCA Ceramics<\/a><\/p><p><a href=\"https:\/\/www.google.com\/maps\/place\/\/data=!4m2!3m1!1s0xd230829b47ca325:0xf5dfac2f136c54c3?sa=X&amp;ved=1t:8290&amp;ictx=111\" target=\"_blank\" rel=\"noopener\">Morada CCA Ceramics<\/a><\/p><p><a href=\"mailto: geral@ccaceramica.com\" target=\"_blank\" rel=\"noopener\">E-mail CCA Ceramics<\/a><\/p>\t\t\t\t\t\t\t\t<\/div>\n\t\t\t\t<\/div>\n\t\t\t\t\t<\/div>\n\t\t<\/div>\n\t\t\t\t\t<\/div>\n\t\t<\/section>\n\t\t\t\t<\/div>\n\t\t","protected":false},"excerpt":{"rendered":"<p>A CCA completa 30 anos precisamente este ano, tendo sido constitu\u00edda em 1996 no \u00e2mbito de uma joint venture entre uma empresa comercial francesa e uma empresa industrial portuguesa. Esta parceria aliou o know-how industrial da produ\u00e7\u00e3o de lou\u00e7a cer\u00e2mica, existente na Bairrada, ao conhecimento e \u00e0 proximidade comercial vigentes em Fran\u00e7a. <\/p>\n","protected":false},"author":7,"featured_media":11051,"comment_status":"closed","ping_status":"closed","sticky":false,"template":"","format":"standard","meta":{"footnotes":""},"categories":[6,1],"tags":[14],"class_list":["post-11050","post","type-post","status-publish","format-standard","has-post-thumbnail","hentry","category-noticias","category-uncategorized","tag-noticias"],"yoast_head":"<!-- This site is optimized with the Yoast SEO plugin v26.1.1 - https:\/\/yoast.com\/wordpress\/plugins\/seo\/ -->\n<title>Novo Associado CCA Ceramic Solutions - ACIB - Associa\u00e7\u00e3o Comercial e Industrial da Bairrada<\/title>\n<meta name=\"robots\" content=\"index, follow, max-snippet:-1, max-image-preview:large, max-video-preview:-1\" \/>\n<link rel=\"canonical\" href=\"https:\/\/www.acib.pt\/index.php\/2026\/04\/23\/novo-associado-cca-ceramic-solutions\/\" \/>\n<meta property=\"og:locale\" content=\"pt_PT\" \/>\n<meta property=\"og:type\" content=\"article\" \/>\n<meta property=\"og:title\" content=\"Novo Associado CCA Ceramic Solutions - ACIB - Associa\u00e7\u00e3o Comercial e Industrial da Bairrada\" \/>\n<meta property=\"og:description\" content=\"A CCA completa 30 anos precisamente este ano, tendo sido constitu\u00edda em 1996 no \u00e2mbito de uma joint venture entre uma empresa comercial francesa e uma empresa industrial portuguesa. Esta parceria aliou o know-how industrial da produ\u00e7\u00e3o de lou\u00e7a cer\u00e2mica, existente na Bairrada, ao conhecimento e \u00e0 proximidade comercial vigentes em Fran\u00e7a.\" \/>\n<meta property=\"og:url\" content=\"https:\/\/www.acib.pt\/index.php\/2026\/04\/23\/novo-associado-cca-ceramic-solutions\/\" \/>\n<meta property=\"og:site_name\" content=\"ACIB - Associa\u00e7\u00e3o Comercial e Industrial da Bairrada\" \/>\n<meta property=\"article:published_time\" content=\"2026-04-23T13:47:59+00:00\" \/>\n<meta property=\"article:modified_time\" content=\"2026-04-23T13:57:57+00:00\" \/>\n<meta property=\"og:image\" content=\"https:\/\/www.acib.pt\/wp-content\/uploads\/2026\/04\/CCA-Ceramic.png\" \/>\n\t<meta property=\"og:image:width\" content=\"1080\" \/>\n\t<meta property=\"og:image:height\" content=\"586\" \/>\n\t<meta property=\"og:image:type\" content=\"image\/png\" \/>\n<meta name=\"author\" content=\"gestoradmin\" \/>\n<meta name=\"twitter:card\" content=\"summary_large_image\" \/>\n<meta name=\"twitter:label1\" content=\"Escrito por\" \/>\n\t<meta name=\"twitter:data1\" content=\"gestoradmin\" \/>\n\t<meta name=\"twitter:label2\" content=\"Tempo estimado de leitura\" \/>\n\t<meta name=\"twitter:data2\" content=\"4 minutos\" \/>\n<script type=\"application\/ld+json\" class=\"yoast-schema-graph\">{\"@context\":\"https:\/\/schema.org\",\"@graph\":[{\"@type\":\"Article\",\"@id\":\"https:\/\/www.acib.pt\/index.php\/2026\/04\/23\/novo-associado-cca-ceramic-solutions\/#article\",\"isPartOf\":{\"@id\":\"https:\/\/www.acib.pt\/index.php\/2026\/04\/23\/novo-associado-cca-ceramic-solutions\/\"},\"author\":{\"name\":\"gestoradmin\",\"@id\":\"https:\/\/www.acib.pt\/#\/schema\/person\/7932fd8ebb883963fd1e8040d913cc2b\"},\"headline\":\"Novo Associado CCA Ceramic Solutions\",\"datePublished\":\"2026-04-23T13:47:59+00:00\",\"dateModified\":\"2026-04-23T13:57:57+00:00\",\"mainEntityOfPage\":{\"@id\":\"https:\/\/www.acib.pt\/index.php\/2026\/04\/23\/novo-associado-cca-ceramic-solutions\/\"},\"wordCount\":742,\"publisher\":{\"@id\":\"https:\/\/www.acib.pt\/#organization\"},\"image\":{\"@id\":\"https:\/\/www.acib.pt\/index.php\/2026\/04\/23\/novo-associado-cca-ceramic-solutions\/#primaryimage\"},\"thumbnailUrl\":\"https:\/\/www.acib.pt\/wp-content\/uploads\/2026\/04\/CCA-Ceramic.png\",\"keywords\":[\"Noticias\"],\"articleSection\":[\"Not\u00edcias\",\"Uncategorized\"],\"inLanguage\":\"pt-PT\"},{\"@type\":\"WebPage\",\"@id\":\"https:\/\/www.acib.pt\/index.php\/2026\/04\/23\/novo-associado-cca-ceramic-solutions\/\",\"url\":\"https:\/\/www.acib.pt\/index.php\/2026\/04\/23\/novo-associado-cca-ceramic-solutions\/\",\"name\":\"Novo Associado CCA Ceramic Solutions - ACIB - Associa\u00e7\u00e3o Comercial e Industrial da Bairrada\",\"isPartOf\":{\"@id\":\"https:\/\/www.acib.pt\/#website\"},\"primaryImageOfPage\":{\"@id\":\"https:\/\/www.acib.pt\/index.php\/2026\/04\/23\/novo-associado-cca-ceramic-solutions\/#primaryimage\"},\"image\":{\"@id\":\"https:\/\/www.acib.pt\/index.php\/2026\/04\/23\/novo-associado-cca-ceramic-solutions\/#primaryimage\"},\"thumbnailUrl\":\"https:\/\/www.acib.pt\/wp-content\/uploads\/2026\/04\/CCA-Ceramic.png\",\"datePublished\":\"2026-04-23T13:47:59+00:00\",\"dateModified\":\"2026-04-23T13:57:57+00:00\",\"breadcrumb\":{\"@id\":\"https:\/\/www.acib.pt\/index.php\/2026\/04\/23\/novo-associado-cca-ceramic-solutions\/#breadcrumb\"},\"inLanguage\":\"pt-PT\",\"potentialAction\":[{\"@type\":\"ReadAction\",\"target\":[\"https:\/\/www.acib.pt\/index.php\/2026\/04\/23\/novo-associado-cca-ceramic-solutions\/\"]}]},{\"@type\":\"ImageObject\",\"inLanguage\":\"pt-PT\",\"@id\":\"https:\/\/www.acib.pt\/index.php\/2026\/04\/23\/novo-associado-cca-ceramic-solutions\/#primaryimage\",\"url\":\"https:\/\/www.acib.pt\/wp-content\/uploads\/2026\/04\/CCA-Ceramic.png\",\"contentUrl\":\"https:\/\/www.acib.pt\/wp-content\/uploads\/2026\/04\/CCA-Ceramic.png\",\"width\":1080,\"height\":586,\"caption\":\"Novo associado ACIB\"},{\"@type\":\"BreadcrumbList\",\"@id\":\"https:\/\/www.acib.pt\/index.php\/2026\/04\/23\/novo-associado-cca-ceramic-solutions\/#breadcrumb\",\"itemListElement\":[{\"@type\":\"ListItem\",\"position\":1,\"name\":\"In\u00edcio\",\"item\":\"https:\/\/www.acib.pt\/\"},{\"@type\":\"ListItem\",\"position\":2,\"name\":\"Novo Associado CCA Ceramic Solutions\"}]},{\"@type\":\"WebSite\",\"@id\":\"https:\/\/www.acib.pt\/#website\",\"url\":\"https:\/\/www.acib.pt\/\",\"name\":\"ACIB - Associa\u00e7\u00e3o Comercial e Industrial da Bairrada\",\"description\":\"\",\"publisher\":{\"@id\":\"https:\/\/www.acib.pt\/#organization\"},\"potentialAction\":[{\"@type\":\"SearchAction\",\"target\":{\"@type\":\"EntryPoint\",\"urlTemplate\":\"https:\/\/www.acib.pt\/?s={search_term_string}\"},\"query-input\":{\"@type\":\"PropertyValueSpecification\",\"valueRequired\":true,\"valueName\":\"search_term_string\"}}],\"inLanguage\":\"pt-PT\"},{\"@type\":\"Organization\",\"@id\":\"https:\/\/www.acib.pt\/#organization\",\"name\":\"ACIB - Associa\u00e7\u00e3o Comercial e Industrial da Bairrada\",\"url\":\"https:\/\/www.acib.pt\/\",\"logo\":{\"@type\":\"ImageObject\",\"inLanguage\":\"pt-PT\",\"@id\":\"https:\/\/www.acib.pt\/#\/schema\/logo\/image\/\",\"url\":\"https:\/\/www.acib.pt\/wp-content\/uploads\/2022\/05\/logo-header.png\",\"contentUrl\":\"https:\/\/www.acib.pt\/wp-content\/uploads\/2022\/05\/logo-header.png\",\"width\":566,\"height\":800,\"caption\":\"ACIB - Associa\u00e7\u00e3o Comercial e Industrial da Bairrada\"},\"image\":{\"@id\":\"https:\/\/www.acib.pt\/#\/schema\/logo\/image\/\"}},{\"@type\":\"Person\",\"@id\":\"https:\/\/www.acib.pt\/#\/schema\/person\/7932fd8ebb883963fd1e8040d913cc2b\",\"name\":\"gestoradmin\",\"url\":\"https:\/\/www.acib.pt\/index.php\/author\/gestoradmin\/\"}]}<\/script>\n<!-- \/ Yoast SEO plugin. -->","yoast_head_json":{"title":"Novo Associado CCA Ceramic Solutions - ACIB - Associa\u00e7\u00e3o Comercial e Industrial da Bairrada","robots":{"index":"index","follow":"follow","max-snippet":"max-snippet:-1","max-image-preview":"max-image-preview:large","max-video-preview":"max-video-preview:-1"},"canonical":"https:\/\/www.acib.pt\/index.php\/2026\/04\/23\/novo-associado-cca-ceramic-solutions\/","og_locale":"pt_PT","og_type":"article","og_title":"Novo Associado CCA Ceramic Solutions - ACIB - Associa\u00e7\u00e3o Comercial e Industrial da Bairrada","og_description":"A CCA completa 30 anos precisamente este ano, tendo sido constitu\u00edda em 1996 no \u00e2mbito de uma joint venture entre uma empresa comercial francesa e uma empresa industrial portuguesa. Esta parceria aliou o know-how industrial da produ\u00e7\u00e3o de lou\u00e7a cer\u00e2mica, existente na Bairrada, ao conhecimento e \u00e0 proximidade comercial vigentes em Fran\u00e7a.","og_url":"https:\/\/www.acib.pt\/index.php\/2026\/04\/23\/novo-associado-cca-ceramic-solutions\/","og_site_name":"ACIB - Associa\u00e7\u00e3o Comercial e Industrial da Bairrada","article_published_time":"2026-04-23T13:47:59+00:00","article_modified_time":"2026-04-23T13:57:57+00:00","og_image":[{"width":1080,"height":586,"url":"https:\/\/www.acib.pt\/wp-content\/uploads\/2026\/04\/CCA-Ceramic.png","type":"image\/png"}],"author":"gestoradmin","twitter_card":"summary_large_image","twitter_misc":{"Escrito por":"gestoradmin","Tempo estimado de leitura":"4 minutos"},"schema":{"@context":"https:\/\/schema.org","@graph":[{"@type":"Article","@id":"https:\/\/www.acib.pt\/index.php\/2026\/04\/23\/novo-associado-cca-ceramic-solutions\/#article","isPartOf":{"@id":"https:\/\/www.acib.pt\/index.php\/2026\/04\/23\/novo-associado-cca-ceramic-solutions\/"},"author":{"name":"gestoradmin","@id":"https:\/\/www.acib.pt\/#\/schema\/person\/7932fd8ebb883963fd1e8040d913cc2b"},"headline":"Novo Associado CCA Ceramic Solutions","datePublished":"2026-04-23T13:47:59+00:00","dateModified":"2026-04-23T13:57:57+00:00","mainEntityOfPage":{"@id":"https:\/\/www.acib.pt\/index.php\/2026\/04\/23\/novo-associado-cca-ceramic-solutions\/"},"wordCount":742,"publisher":{"@id":"https:\/\/www.acib.pt\/#organization"},"image":{"@id":"https:\/\/www.acib.pt\/index.php\/2026\/04\/23\/novo-associado-cca-ceramic-solutions\/#primaryimage"},"thumbnailUrl":"https:\/\/www.acib.pt\/wp-content\/uploads\/2026\/04\/CCA-Ceramic.png","keywords":["Noticias"],"articleSection":["Not\u00edcias","Uncategorized"],"inLanguage":"pt-PT"},{"@type":"WebPage","@id":"https:\/\/www.acib.pt\/index.php\/2026\/04\/23\/novo-associado-cca-ceramic-solutions\/","url":"https:\/\/www.acib.pt\/index.php\/2026\/04\/23\/novo-associado-cca-ceramic-solutions\/","name":"Novo Associado CCA Ceramic Solutions - ACIB - Associa\u00e7\u00e3o Comercial e Industrial da Bairrada","isPartOf":{"@id":"https:\/\/www.acib.pt\/#website"},"primaryImageOfPage":{"@id":"https:\/\/www.acib.pt\/index.php\/2026\/04\/23\/novo-associado-cca-ceramic-solutions\/#primaryimage"},"image":{"@id":"https:\/\/www.acib.pt\/index.php\/2026\/04\/23\/novo-associado-cca-ceramic-solutions\/#primaryimage"},"thumbnailUrl":"https:\/\/www.acib.pt\/wp-content\/uploads\/2026\/04\/CCA-Ceramic.png","datePublished":"2026-04-23T13:47:59+00:00","dateModified":"2026-04-23T13:57:57+00:00","breadcrumb":{"@id":"https:\/\/www.acib.pt\/index.php\/2026\/04\/23\/novo-associado-cca-ceramic-solutions\/#breadcrumb"},"inLanguage":"pt-PT","potentialAction":[{"@type":"ReadAction","target":["https:\/\/www.acib.pt\/index.php\/2026\/04\/23\/novo-associado-cca-ceramic-solutions\/"]}]},{"@type":"ImageObject","inLanguage":"pt-PT","@id":"https:\/\/www.acib.pt\/index.php\/2026\/04\/23\/novo-associado-cca-ceramic-solutions\/#primaryimage","url":"https:\/\/www.acib.pt\/wp-content\/uploads\/2026\/04\/CCA-Ceramic.png","contentUrl":"https:\/\/www.acib.pt\/wp-content\/uploads\/2026\/04\/CCA-Ceramic.png","width":1080,"height":586,"caption":"Novo associado ACIB"},{"@type":"BreadcrumbList","@id":"https:\/\/www.acib.pt\/index.php\/2026\/04\/23\/novo-associado-cca-ceramic-solutions\/#breadcrumb","itemListElement":[{"@type":"ListItem","position":1,"name":"In\u00edcio","item":"https:\/\/www.acib.pt\/"},{"@type":"ListItem","position":2,"name":"Novo Associado CCA Ceramic Solutions"}]},{"@type":"WebSite","@id":"https:\/\/www.acib.pt\/#website","url":"https:\/\/www.acib.pt\/","name":"ACIB - Associa\u00e7\u00e3o Comercial e Industrial da Bairrada","description":"","publisher":{"@id":"https:\/\/www.acib.pt\/#organization"},"potentialAction":[{"@type":"SearchAction","target":{"@type":"EntryPoint","urlTemplate":"https:\/\/www.acib.pt\/?s={search_term_string}"},"query-input":{"@type":"PropertyValueSpecification","valueRequired":true,"valueName":"search_term_string"}}],"inLanguage":"pt-PT"},{"@type":"Organization","@id":"https:\/\/www.acib.pt\/#organization","name":"ACIB - Associa\u00e7\u00e3o Comercial e Industrial da Bairrada","url":"https:\/\/www.acib.pt\/","logo":{"@type":"ImageObject","inLanguage":"pt-PT","@id":"https:\/\/www.acib.pt\/#\/schema\/logo\/image\/","url":"https:\/\/www.acib.pt\/wp-content\/uploads\/2022\/05\/logo-header.png","contentUrl":"https:\/\/www.acib.pt\/wp-content\/uploads\/2022\/05\/logo-header.png","width":566,"height":800,"caption":"ACIB - Associa\u00e7\u00e3o Comercial e Industrial da Bairrada"},"image":{"@id":"https:\/\/www.acib.pt\/#\/schema\/logo\/image\/"}},{"@type":"Person","@id":"https:\/\/www.acib.pt\/#\/schema\/person\/7932fd8ebb883963fd1e8040d913cc2b","name":"gestoradmin","url":"https:\/\/www.acib.pt\/index.php\/author\/gestoradmin\/"}]}},"_links":{"self":[{"href":"https:\/\/www.acib.pt\/index.php\/wp-json\/wp\/v2\/posts\/11050","targetHints":{"allow":["GET"]}}],"collection":[{"href":"https:\/\/www.acib.pt\/index.php\/wp-json\/wp\/v2\/posts"}],"about":[{"href":"https:\/\/www.acib.pt\/index.php\/wp-json\/wp\/v2\/types\/post"}],"author":[{"embeddable":true,"href":"https:\/\/www.acib.pt\/index.php\/wp-json\/wp\/v2\/users\/7"}],"replies":[{"embeddable":true,"href":"https:\/\/www.acib.pt\/index.php\/wp-json\/wp\/v2\/comments?post=11050"}],"version-history":[{"count":10,"href":"https:\/\/www.acib.pt\/index.php\/wp-json\/wp\/v2\/posts\/11050\/revisions"}],"predecessor-version":[{"id":11063,"href":"https:\/\/www.acib.pt\/index.php\/wp-json\/wp\/v2\/posts\/11050\/revisions\/11063"}],"wp:featuredmedia":[{"embeddable":true,"href":"https:\/\/www.acib.pt\/index.php\/wp-json\/wp\/v2\/media\/11051"}],"wp:attachment":[{"href":"https:\/\/www.acib.pt\/index.php\/wp-json\/wp\/v2\/media?parent=11050"}],"wp:term":[{"taxonomy":"category","embeddable":true,"href":"https:\/\/www.acib.pt\/index.php\/wp-json\/wp\/v2\/categories?post=11050"},{"taxonomy":"post_tag","embeddable":true,"href":"https:\/\/www.acib.pt\/index.php\/wp-json\/wp\/v2\/tags?post=11050"}],"curies":[{"name":"wp","href":"https:\/\/api.w.org\/{rel}","templated":true}]}}