{"id":9084,"date":"2025-03-07T15:37:51","date_gmt":"2025-03-07T15:37:51","guid":{"rendered":"https:\/\/www.acib.pt\/?p=9084"},"modified":"2025-04-04T13:49:09","modified_gmt":"2025-04-04T13:49:09","slug":"campanha_primavera_verao_listagem_lojas_aderentes","status":"publish","type":"post","link":"https:\/\/www.acib.pt\/index.php\/2025\/03\/07\/campanha_primavera_verao_listagem_lojas_aderentes\/","title":{"rendered":"1\u00aa Edi\u00e7\u00e3o da A\u00e7\u00e3o Viver Anadia no Com\u00e9rcio Local | Campanha Primavera &amp; Ver\u00e3o &#8211; Lojas Aderentes"},"content":{"rendered":"\t\t<div data-elementor-type=\"wp-post\" data-elementor-id=\"9084\" class=\"elementor elementor-9084\">\n\t\t\t\t\t\t<section class=\"elementor-section elementor-top-section elementor-element elementor-element-2b6f93a elementor-section-boxed elementor-section-height-default elementor-section-height-default\" data-id=\"2b6f93a\" data-element_type=\"section\">\n\t\t\t\t\t\t<div class=\"elementor-container elementor-column-gap-default\">\n\t\t\t\t\t<div class=\"elementor-column elementor-col-100 elementor-top-column elementor-element elementor-element-1cfc38c\" data-id=\"1cfc38c\" data-element_type=\"column\">\n\t\t\t<div class=\"elementor-widget-wrap elementor-element-populated\">\n\t\t\t\t\t\t<div class=\"elementor-element elementor-element-6d050f4 elementor-widget elementor-widget-heading\" data-id=\"6d050f4\" data-element_type=\"widget\" data-widget_type=\"heading.default\">\n\t\t\t\t<div class=\"elementor-widget-container\">\n\t\t\t\t\t<h2 class=\"elementor-heading-title elementor-size-default\">1\u00aa Edi\u00e7\u00e3o da A\u00e7\u00e3o Viver Anadia no Com\u00e9rcio Local | Campanha Primavera &amp; Ver\u00e3o  - Lojas Aderentes <\/h2>\t\t\t\t<\/div>\n\t\t\t\t<\/div>\n\t\t\t\t\t<\/div>\n\t\t<\/div>\n\t\t\t\t\t<\/div>\n\t\t<\/section>\n\t\t\t\t<section class=\"elementor-section elementor-top-section elementor-element elementor-element-14af043 elementor-section-boxed elementor-section-height-default elementor-section-height-default\" data-id=\"14af043\" data-element_type=\"section\">\n\t\t\t\t\t\t<div class=\"elementor-container elementor-column-gap-default\">\n\t\t\t\t\t<div class=\"elementor-column elementor-col-100 elementor-top-column elementor-element elementor-element-be84453\" data-id=\"be84453\" data-element_type=\"column\">\n\t\t\t<div class=\"elementor-widget-wrap\">\n\t\t\t\t\t\t\t<\/div>\n\t\t<\/div>\n\t\t\t\t\t<\/div>\n\t\t<\/section>\n\t\t\t\t<section class=\"elementor-section elementor-top-section elementor-element elementor-element-25f897e elementor-section-boxed elementor-section-height-default elementor-section-height-default\" data-id=\"25f897e\" data-element_type=\"section\">\n\t\t\t\t\t\t<div class=\"elementor-container elementor-column-gap-default\">\n\t\t\t\t\t<div class=\"elementor-column elementor-col-100 elementor-top-column elementor-element elementor-element-53d456b\" data-id=\"53d456b\" data-element_type=\"column\">\n\t\t\t<div class=\"elementor-widget-wrap elementor-element-populated\">\n\t\t\t\t\t\t<div class=\"elementor-element elementor-element-00bd7dc elementor-widget-divider--view-line elementor-widget elementor-widget-divider\" data-id=\"00bd7dc\" data-element_type=\"widget\" data-widget_type=\"divider.default\">\n\t\t\t\t<div class=\"elementor-widget-container\">\n\t\t\t\t\t\t\t<div class=\"elementor-divider\">\n\t\t\t<span class=\"elementor-divider-separator\">\n\t\t\t\t\t\t<\/span>\n\t\t<\/div>\n\t\t\t\t\t\t<\/div>\n\t\t\t\t<\/div>\n\t\t\t\t<div class=\"elementor-element elementor-element-45a9743 elementor-widget elementor-widget-image\" data-id=\"45a9743\" data-element_type=\"widget\" data-widget_type=\"image.default\">\n\t\t\t\t<div class=\"elementor-widget-container\">\n\t\t\t\t\t\t\t\t\t\t\t\t\t\t\t<img fetchpriority=\"high\" decoding=\"async\" width=\"768\" height=\"768\" src=\"https:\/\/www.acib.pt\/wp-content\/uploads\/2025\/02\/imagem2-768x768.jpg\" class=\"attachment-medium_large size-medium_large wp-image-8991\" alt=\"\" srcset=\"https:\/\/www.acib.pt\/wp-content\/uploads\/2025\/02\/imagem2-768x768.jpg 768w, https:\/\/www.acib.pt\/wp-content\/uploads\/2025\/02\/imagem2-300x300.jpg 300w, https:\/\/www.acib.pt\/wp-content\/uploads\/2025\/02\/imagem2-1024x1024.jpg 1024w, https:\/\/www.acib.pt\/wp-content\/uploads\/2025\/02\/imagem2-150x150.jpg 150w, https:\/\/www.acib.pt\/wp-content\/uploads\/2025\/02\/imagem2.jpg 1080w\" sizes=\"(max-width: 768px) 100vw, 768px\" \/>\t\t\t\t\t\t\t\t\t\t\t\t\t\t\t<\/div>\n\t\t\t\t<\/div>\n\t\t\t\t<div class=\"elementor-element elementor-element-5558018 elementor-widget elementor-widget-text-editor\" data-id=\"5558018\" data-element_type=\"widget\" data-widget_type=\"text-editor.default\">\n\t\t\t\t<div class=\"elementor-widget-container\">\n\t\t\t\t\t\t\t\t\t<p data-start=\"0\" data-end=\"77\"><strong data-start=\"0\" data-end=\"75\">Dinamizar o com\u00e9rcio tradicional \u00e9 um dos principais objetivos da ACIB.<\/strong><\/p><p data-start=\"79\" data-end=\"249\">Com a <strong>1\u00aa Edi\u00e7\u00e3o da A\u00e7\u00e3o Viver Anadia no Com\u00e9rcio Local | Campanha Primavera &amp; Ver\u00e3o<\/strong>, queremos continuar a incentivar as compras no com\u00e9rcio local, valorizando as nossas lojas e promovendo a economia da regi\u00e3o.<\/p><p style=\"font-weight: 400;\"><strong>Consulte a lista das lojas aderentes e aproveite todas as oportunidades que preparamos para si: <a href=\"https:\/\/bit.ly\/4cdW7RG\">https:\/\/bit.ly\/4cdW7RG<\/a><\/strong><\/p><p style=\"font-weight: 400;\">Compre no Com\u00e9rcio Local. Ajude a loja da sua rua!<\/p>\t\t\t\t\t\t\t\t<\/div>\n\t\t\t\t<\/div>\n\t\t\t\t\t<\/div>\n\t\t<\/div>\n\t\t\t\t\t<\/div>\n\t\t<\/section>\n\t\t\t\t<\/div>\n\t\t","protected":false},"excerpt":{"rendered":"<p>Compre no Com\u00e9rcio Tradicional. Conhe\u00e7a as lojas aderentes da 1\u00aa Edi\u00e7\u00e3o da A\u00e7\u00e3o Viver Anadia no Com\u00e9rcio Local | Campanha Primavera &#038; Ver\u00e3o. <\/p>\n","protected":false},"author":5,"featured_media":9089,"comment_status":"closed","ping_status":"closed","sticky":false,"template":"","format":"standard","meta":{"footnotes":""},"categories":[6],"tags":[14],"class_list":["post-9084","post","type-post","status-publish","format-standard","has-post-thumbnail","hentry","category-noticias","tag-noticias"],"yoast_head":"<!-- This site is optimized with the Yoast SEO plugin v26.1.1 - https:\/\/yoast.com\/wordpress\/plugins\/seo\/ -->\n<title>1\u00aa Edi\u00e7\u00e3o da A\u00e7\u00e3o Viver Anadia no Com\u00e9rcio Local | Campanha Primavera &amp; Ver\u00e3o - Lojas Aderentes - ACIB - Associa\u00e7\u00e3o Comercial e Industrial da Bairrada<\/title>\n<meta name=\"robots\" content=\"index, follow, max-snippet:-1, max-image-preview:large, max-video-preview:-1\" \/>\n<link rel=\"canonical\" href=\"https:\/\/www.acib.pt\/index.php\/2025\/03\/07\/campanha_primavera_verao_listagem_lojas_aderentes\/\" \/>\n<meta property=\"og:locale\" content=\"pt_PT\" \/>\n<meta property=\"og:type\" content=\"article\" \/>\n<meta property=\"og:title\" content=\"1\u00aa Edi\u00e7\u00e3o da A\u00e7\u00e3o Viver Anadia no Com\u00e9rcio Local | Campanha Primavera &amp; Ver\u00e3o - Lojas Aderentes - ACIB - Associa\u00e7\u00e3o Comercial e Industrial da Bairrada\" \/>\n<meta property=\"og:description\" content=\"Compre no Com\u00e9rcio Tradicional. Conhe\u00e7a as lojas aderentes da 1\u00aa Edi\u00e7\u00e3o da A\u00e7\u00e3o Viver Anadia no Com\u00e9rcio Local | Campanha Primavera &amp; Ver\u00e3o.\" \/>\n<meta property=\"og:url\" content=\"https:\/\/www.acib.pt\/index.php\/2025\/03\/07\/campanha_primavera_verao_listagem_lojas_aderentes\/\" \/>\n<meta property=\"og:site_name\" content=\"ACIB - Associa\u00e7\u00e3o Comercial e Industrial da Bairrada\" \/>\n<meta property=\"article:published_time\" content=\"2025-03-07T15:37:51+00:00\" \/>\n<meta property=\"article:modified_time\" content=\"2025-04-04T13:49:09+00:00\" \/>\n<meta property=\"og:image\" content=\"https:\/\/www.acib.pt\/wp-content\/uploads\/2025\/03\/CAMPANHA-PRIMAVERA_VERAO__SITE.png\" \/>\n\t<meta property=\"og:image:width\" content=\"4584\" \/>\n\t<meta property=\"og:image:height\" content=\"3334\" \/>\n\t<meta property=\"og:image:type\" content=\"image\/png\" \/>\n<meta name=\"author\" content=\"ACIB\" \/>\n<meta name=\"twitter:card\" content=\"summary_large_image\" \/>\n<meta name=\"twitter:label1\" content=\"Escrito por\" \/>\n\t<meta name=\"twitter:data1\" content=\"ACIB\" \/>\n<script type=\"application\/ld+json\" class=\"yoast-schema-graph\">{\"@context\":\"https:\/\/schema.org\",\"@graph\":[{\"@type\":\"Article\",\"@id\":\"https:\/\/www.acib.pt\/index.php\/2025\/03\/07\/campanha_primavera_verao_listagem_lojas_aderentes\/#article\",\"isPartOf\":{\"@id\":\"https:\/\/www.acib.pt\/index.php\/2025\/03\/07\/campanha_primavera_verao_listagem_lojas_aderentes\/\"},\"author\":{\"name\":\"ACIB\",\"@id\":\"https:\/\/www.acib.pt\/#\/schema\/person\/87cf67711dc2f6a1c6e18c2a668c28ef\"},\"headline\":\"1\u00aa Edi\u00e7\u00e3o da A\u00e7\u00e3o Viver Anadia no Com\u00e9rcio Local | Campanha Primavera &amp; Ver\u00e3o &#8211; Lojas Aderentes\",\"datePublished\":\"2025-03-07T15:37:51+00:00\",\"dateModified\":\"2025-04-04T13:49:09+00:00\",\"mainEntityOfPage\":{\"@id\":\"https:\/\/www.acib.pt\/index.php\/2025\/03\/07\/campanha_primavera_verao_listagem_lojas_aderentes\/\"},\"wordCount\":118,\"publisher\":{\"@id\":\"https:\/\/www.acib.pt\/#organization\"},\"image\":{\"@id\":\"https:\/\/www.acib.pt\/index.php\/2025\/03\/07\/campanha_primavera_verao_listagem_lojas_aderentes\/#primaryimage\"},\"thumbnailUrl\":\"https:\/\/www.acib.pt\/wp-content\/uploads\/2025\/03\/CAMPANHA-PRIMAVERA_VERAO__SITE.png\",\"keywords\":[\"Noticias\"],\"articleSection\":[\"Not\u00edcias\"],\"inLanguage\":\"pt-PT\"},{\"@type\":\"WebPage\",\"@id\":\"https:\/\/www.acib.pt\/index.php\/2025\/03\/07\/campanha_primavera_verao_listagem_lojas_aderentes\/\",\"url\":\"https:\/\/www.acib.pt\/index.php\/2025\/03\/07\/campanha_primavera_verao_listagem_lojas_aderentes\/\",\"name\":\"1\u00aa Edi\u00e7\u00e3o da A\u00e7\u00e3o Viver Anadia no Com\u00e9rcio Local | Campanha Primavera &amp; Ver\u00e3o - Lojas Aderentes - ACIB - Associa\u00e7\u00e3o Comercial e Industrial da Bairrada\",\"isPartOf\":{\"@id\":\"https:\/\/www.acib.pt\/#website\"},\"primaryImageOfPage\":{\"@id\":\"https:\/\/www.acib.pt\/index.php\/2025\/03\/07\/campanha_primavera_verao_listagem_lojas_aderentes\/#primaryimage\"},\"image\":{\"@id\":\"https:\/\/www.acib.pt\/index.php\/2025\/03\/07\/campanha_primavera_verao_listagem_lojas_aderentes\/#primaryimage\"},\"thumbnailUrl\":\"https:\/\/www.acib.pt\/wp-content\/uploads\/2025\/03\/CAMPANHA-PRIMAVERA_VERAO__SITE.png\",\"datePublished\":\"2025-03-07T15:37:51+00:00\",\"dateModified\":\"2025-04-04T13:49:09+00:00\",\"breadcrumb\":{\"@id\":\"https:\/\/www.acib.pt\/index.php\/2025\/03\/07\/campanha_primavera_verao_listagem_lojas_aderentes\/#breadcrumb\"},\"inLanguage\":\"pt-PT\",\"potentialAction\":[{\"@type\":\"ReadAction\",\"target\":[\"https:\/\/www.acib.pt\/index.php\/2025\/03\/07\/campanha_primavera_verao_listagem_lojas_aderentes\/\"]}]},{\"@type\":\"ImageObject\",\"inLanguage\":\"pt-PT\",\"@id\":\"https:\/\/www.acib.pt\/index.php\/2025\/03\/07\/campanha_primavera_verao_listagem_lojas_aderentes\/#primaryimage\",\"url\":\"https:\/\/www.acib.pt\/wp-content\/uploads\/2025\/03\/CAMPANHA-PRIMAVERA_VERAO__SITE.png\",\"contentUrl\":\"https:\/\/www.acib.pt\/wp-content\/uploads\/2025\/03\/CAMPANHA-PRIMAVERA_VERAO__SITE.png\",\"width\":4584,\"height\":3334},{\"@type\":\"BreadcrumbList\",\"@id\":\"https:\/\/www.acib.pt\/index.php\/2025\/03\/07\/campanha_primavera_verao_listagem_lojas_aderentes\/#breadcrumb\",\"itemListElement\":[{\"@type\":\"ListItem\",\"position\":1,\"name\":\"In\u00edcio\",\"item\":\"https:\/\/www.acib.pt\/\"},{\"@type\":\"ListItem\",\"position\":2,\"name\":\"1\u00aa Edi\u00e7\u00e3o da A\u00e7\u00e3o Viver Anadia no Com\u00e9rcio Local | Campanha Primavera &amp; Ver\u00e3o &#8211; Lojas Aderentes\"}]},{\"@type\":\"WebSite\",\"@id\":\"https:\/\/www.acib.pt\/#website\",\"url\":\"https:\/\/www.acib.pt\/\",\"name\":\"ACIB - Associa\u00e7\u00e3o Comercial e Industrial da Bairrada\",\"description\":\"\",\"publisher\":{\"@id\":\"https:\/\/www.acib.pt\/#organization\"},\"potentialAction\":[{\"@type\":\"SearchAction\",\"target\":{\"@type\":\"EntryPoint\",\"urlTemplate\":\"https:\/\/www.acib.pt\/?s={search_term_string}\"},\"query-input\":{\"@type\":\"PropertyValueSpecification\",\"valueRequired\":true,\"valueName\":\"search_term_string\"}}],\"inLanguage\":\"pt-PT\"},{\"@type\":\"Organization\",\"@id\":\"https:\/\/www.acib.pt\/#organization\",\"name\":\"ACIB - Associa\u00e7\u00e3o Comercial e Industrial da Bairrada\",\"url\":\"https:\/\/www.acib.pt\/\",\"logo\":{\"@type\":\"ImageObject\",\"inLanguage\":\"pt-PT\",\"@id\":\"https:\/\/www.acib.pt\/#\/schema\/logo\/image\/\",\"url\":\"https:\/\/www.acib.pt\/wp-content\/uploads\/2022\/05\/logo-header.png\",\"contentUrl\":\"https:\/\/www.acib.pt\/wp-content\/uploads\/2022\/05\/logo-header.png\",\"width\":566,\"height\":800,\"caption\":\"ACIB - Associa\u00e7\u00e3o Comercial e Industrial da Bairrada\"},\"image\":{\"@id\":\"https:\/\/www.acib.pt\/#\/schema\/logo\/image\/\"}},{\"@type\":\"Person\",\"@id\":\"https:\/\/www.acib.pt\/#\/schema\/person\/87cf67711dc2f6a1c6e18c2a668c28ef\",\"name\":\"ACIB\",\"url\":\"https:\/\/www.acib.pt\/index.php\/author\/acib\/\"}]}<\/script>\n<!-- \/ Yoast SEO plugin. -->","yoast_head_json":{"title":"1\u00aa Edi\u00e7\u00e3o da A\u00e7\u00e3o Viver Anadia no Com\u00e9rcio Local | Campanha Primavera &amp; Ver\u00e3o - Lojas Aderentes - ACIB - Associa\u00e7\u00e3o Comercial e Industrial da Bairrada","robots":{"index":"index","follow":"follow","max-snippet":"max-snippet:-1","max-image-preview":"max-image-preview:large","max-video-preview":"max-video-preview:-1"},"canonical":"https:\/\/www.acib.pt\/index.php\/2025\/03\/07\/campanha_primavera_verao_listagem_lojas_aderentes\/","og_locale":"pt_PT","og_type":"article","og_title":"1\u00aa Edi\u00e7\u00e3o da A\u00e7\u00e3o Viver Anadia no Com\u00e9rcio Local | Campanha Primavera &amp; Ver\u00e3o - Lojas Aderentes - ACIB - Associa\u00e7\u00e3o Comercial e Industrial da Bairrada","og_description":"Compre no Com\u00e9rcio Tradicional. Conhe\u00e7a as lojas aderentes da 1\u00aa Edi\u00e7\u00e3o da A\u00e7\u00e3o Viver Anadia no Com\u00e9rcio Local | Campanha Primavera & Ver\u00e3o.","og_url":"https:\/\/www.acib.pt\/index.php\/2025\/03\/07\/campanha_primavera_verao_listagem_lojas_aderentes\/","og_site_name":"ACIB - Associa\u00e7\u00e3o Comercial e Industrial da Bairrada","article_published_time":"2025-03-07T15:37:51+00:00","article_modified_time":"2025-04-04T13:49:09+00:00","og_image":[{"width":4584,"height":3334,"url":"https:\/\/www.acib.pt\/wp-content\/uploads\/2025\/03\/CAMPANHA-PRIMAVERA_VERAO__SITE.png","type":"image\/png"}],"author":"ACIB","twitter_card":"summary_large_image","twitter_misc":{"Escrito por":"ACIB"},"schema":{"@context":"https:\/\/schema.org","@graph":[{"@type":"Article","@id":"https:\/\/www.acib.pt\/index.php\/2025\/03\/07\/campanha_primavera_verao_listagem_lojas_aderentes\/#article","isPartOf":{"@id":"https:\/\/www.acib.pt\/index.php\/2025\/03\/07\/campanha_primavera_verao_listagem_lojas_aderentes\/"},"author":{"name":"ACIB","@id":"https:\/\/www.acib.pt\/#\/schema\/person\/87cf67711dc2f6a1c6e18c2a668c28ef"},"headline":"1\u00aa Edi\u00e7\u00e3o da A\u00e7\u00e3o Viver Anadia no Com\u00e9rcio Local | Campanha Primavera &amp; Ver\u00e3o &#8211; Lojas Aderentes","datePublished":"2025-03-07T15:37:51+00:00","dateModified":"2025-04-04T13:49:09+00:00","mainEntityOfPage":{"@id":"https:\/\/www.acib.pt\/index.php\/2025\/03\/07\/campanha_primavera_verao_listagem_lojas_aderentes\/"},"wordCount":118,"publisher":{"@id":"https:\/\/www.acib.pt\/#organization"},"image":{"@id":"https:\/\/www.acib.pt\/index.php\/2025\/03\/07\/campanha_primavera_verao_listagem_lojas_aderentes\/#primaryimage"},"thumbnailUrl":"https:\/\/www.acib.pt\/wp-content\/uploads\/2025\/03\/CAMPANHA-PRIMAVERA_VERAO__SITE.png","keywords":["Noticias"],"articleSection":["Not\u00edcias"],"inLanguage":"pt-PT"},{"@type":"WebPage","@id":"https:\/\/www.acib.pt\/index.php\/2025\/03\/07\/campanha_primavera_verao_listagem_lojas_aderentes\/","url":"https:\/\/www.acib.pt\/index.php\/2025\/03\/07\/campanha_primavera_verao_listagem_lojas_aderentes\/","name":"1\u00aa Edi\u00e7\u00e3o da A\u00e7\u00e3o Viver Anadia no Com\u00e9rcio Local | Campanha Primavera &amp; Ver\u00e3o - Lojas Aderentes - ACIB - Associa\u00e7\u00e3o Comercial e Industrial da Bairrada","isPartOf":{"@id":"https:\/\/www.acib.pt\/#website"},"primaryImageOfPage":{"@id":"https:\/\/www.acib.pt\/index.php\/2025\/03\/07\/campanha_primavera_verao_listagem_lojas_aderentes\/#primaryimage"},"image":{"@id":"https:\/\/www.acib.pt\/index.php\/2025\/03\/07\/campanha_primavera_verao_listagem_lojas_aderentes\/#primaryimage"},"thumbnailUrl":"https:\/\/www.acib.pt\/wp-content\/uploads\/2025\/03\/CAMPANHA-PRIMAVERA_VERAO__SITE.png","datePublished":"2025-03-07T15:37:51+00:00","dateModified":"2025-04-04T13:49:09+00:00","breadcrumb":{"@id":"https:\/\/www.acib.pt\/index.php\/2025\/03\/07\/campanha_primavera_verao_listagem_lojas_aderentes\/#breadcrumb"},"inLanguage":"pt-PT","potentialAction":[{"@type":"ReadAction","target":["https:\/\/www.acib.pt\/index.php\/2025\/03\/07\/campanha_primavera_verao_listagem_lojas_aderentes\/"]}]},{"@type":"ImageObject","inLanguage":"pt-PT","@id":"https:\/\/www.acib.pt\/index.php\/2025\/03\/07\/campanha_primavera_verao_listagem_lojas_aderentes\/#primaryimage","url":"https:\/\/www.acib.pt\/wp-content\/uploads\/2025\/03\/CAMPANHA-PRIMAVERA_VERAO__SITE.png","contentUrl":"https:\/\/www.acib.pt\/wp-content\/uploads\/2025\/03\/CAMPANHA-PRIMAVERA_VERAO__SITE.png","width":4584,"height":3334},{"@type":"BreadcrumbList","@id":"https:\/\/www.acib.pt\/index.php\/2025\/03\/07\/campanha_primavera_verao_listagem_lojas_aderentes\/#breadcrumb","itemListElement":[{"@type":"ListItem","position":1,"name":"In\u00edcio","item":"https:\/\/www.acib.pt\/"},{"@type":"ListItem","position":2,"name":"1\u00aa Edi\u00e7\u00e3o da A\u00e7\u00e3o Viver Anadia no Com\u00e9rcio Local | Campanha Primavera &amp; Ver\u00e3o &#8211; Lojas Aderentes"}]},{"@type":"WebSite","@id":"https:\/\/www.acib.pt\/#website","url":"https:\/\/www.acib.pt\/","name":"ACIB - Associa\u00e7\u00e3o Comercial e Industrial da Bairrada","description":"","publisher":{"@id":"https:\/\/www.acib.pt\/#organization"},"potentialAction":[{"@type":"SearchAction","target":{"@type":"EntryPoint","urlTemplate":"https:\/\/www.acib.pt\/?s={search_term_string}"},"query-input":{"@type":"PropertyValueSpecification","valueRequired":true,"valueName":"search_term_string"}}],"inLanguage":"pt-PT"},{"@type":"Organization","@id":"https:\/\/www.acib.pt\/#organization","name":"ACIB - Associa\u00e7\u00e3o Comercial e Industrial da Bairrada","url":"https:\/\/www.acib.pt\/","logo":{"@type":"ImageObject","inLanguage":"pt-PT","@id":"https:\/\/www.acib.pt\/#\/schema\/logo\/image\/","url":"https:\/\/www.acib.pt\/wp-content\/uploads\/2022\/05\/logo-header.png","contentUrl":"https:\/\/www.acib.pt\/wp-content\/uploads\/2022\/05\/logo-header.png","width":566,"height":800,"caption":"ACIB - Associa\u00e7\u00e3o Comercial e Industrial da Bairrada"},"image":{"@id":"https:\/\/www.acib.pt\/#\/schema\/logo\/image\/"}},{"@type":"Person","@id":"https:\/\/www.acib.pt\/#\/schema\/person\/87cf67711dc2f6a1c6e18c2a668c28ef","name":"ACIB","url":"https:\/\/www.acib.pt\/index.php\/author\/acib\/"}]}},"_links":{"self":[{"href":"https:\/\/www.acib.pt\/index.php\/wp-json\/wp\/v2\/posts\/9084","targetHints":{"allow":["GET"]}}],"collection":[{"href":"https:\/\/www.acib.pt\/index.php\/wp-json\/wp\/v2\/posts"}],"about":[{"href":"https:\/\/www.acib.pt\/index.php\/wp-json\/wp\/v2\/types\/post"}],"author":[{"embeddable":true,"href":"https:\/\/www.acib.pt\/index.php\/wp-json\/wp\/v2\/users\/5"}],"replies":[{"embeddable":true,"href":"https:\/\/www.acib.pt\/index.php\/wp-json\/wp\/v2\/comments?post=9084"}],"version-history":[{"count":20,"href":"https:\/\/www.acib.pt\/index.php\/wp-json\/wp\/v2\/posts\/9084\/revisions"}],"predecessor-version":[{"id":9182,"href":"https:\/\/www.acib.pt\/index.php\/wp-json\/wp\/v2\/posts\/9084\/revisions\/9182"}],"wp:featuredmedia":[{"embeddable":true,"href":"https:\/\/www.acib.pt\/index.php\/wp-json\/wp\/v2\/media\/9089"}],"wp:attachment":[{"href":"https:\/\/www.acib.pt\/index.php\/wp-json\/wp\/v2\/media?parent=9084"}],"wp:term":[{"taxonomy":"category","embeddable":true,"href":"https:\/\/www.acib.pt\/index.php\/wp-json\/wp\/v2\/categories?post=9084"},{"taxonomy":"post_tag","embeddable":true,"href":"https:\/\/www.acib.pt\/index.php\/wp-json\/wp\/v2\/tags?post=9084"}],"curies":[{"name":"wp","href":"https:\/\/api.w.org\/{rel}","templated":true}]}}