{"id":9936,"date":"2025-05-27T14:01:57","date_gmt":"2025-05-27T14:01:57","guid":{"rendered":"https:\/\/www.acib.pt\/?p=9936"},"modified":"2025-05-30T12:14:44","modified_gmt":"2025-05-30T12:14:44","slug":"eleicoes-dos-orgaos-sociais-da-acib-mandato-2025-2028","status":"publish","type":"post","link":"https:\/\/www.acib.pt\/index.php\/2025\/05\/27\/eleicoes-dos-orgaos-sociais-da-acib-mandato-2025-2028\/","title":{"rendered":"Elei\u00e7\u00f5es dos \u00d3rg\u00e3os Sociais da ACIB \u2013 Mandato 2025\/2028"},"content":{"rendered":"\t\t<div data-elementor-type=\"wp-post\" data-elementor-id=\"9936\" class=\"elementor elementor-9936\">\n\t\t\t\t\t\t<section class=\"elementor-section elementor-top-section elementor-element elementor-element-d4bde81 elementor-section-boxed elementor-section-height-default elementor-section-height-default\" data-id=\"d4bde81\" data-element_type=\"section\">\n\t\t\t\t\t\t<div class=\"elementor-container elementor-column-gap-default\">\n\t\t\t\t\t<div class=\"elementor-column elementor-col-100 elementor-top-column elementor-element elementor-element-06f8291\" data-id=\"06f8291\" data-element_type=\"column\">\n\t\t\t<div class=\"elementor-widget-wrap elementor-element-populated\">\n\t\t\t\t\t\t<div class=\"elementor-element elementor-element-6180658 elementor-widget elementor-widget-heading\" data-id=\"6180658\" data-element_type=\"widget\" data-widget_type=\"heading.default\">\n\t\t\t\t<div class=\"elementor-widget-container\">\n\t\t\t\t\t<h2 class=\"elementor-heading-title elementor-size-default\">Elei\u00e7\u00f5es dos \u00d3rg\u00e3os Sociais da ACIB \u2013 Mandato 2025\/2028\n<\/h2>\t\t\t\t<\/div>\n\t\t\t\t<\/div>\n\t\t\t\t\t<\/div>\n\t\t<\/div>\n\t\t\t\t\t<\/div>\n\t\t<\/section>\n\t\t\t\t<section class=\"elementor-section elementor-top-section elementor-element elementor-element-18f2578 elementor-section-boxed elementor-section-height-default elementor-section-height-default\" data-id=\"18f2578\" data-element_type=\"section\">\n\t\t\t\t\t\t<div class=\"elementor-container elementor-column-gap-default\">\n\t\t\t\t\t<div class=\"elementor-column elementor-col-100 elementor-top-column elementor-element elementor-element-fd24d08\" data-id=\"fd24d08\" data-element_type=\"column\">\n\t\t\t<div class=\"elementor-widget-wrap elementor-element-populated\">\n\t\t\t\t\t\t<div class=\"elementor-element elementor-element-77d9feb elementor-widget-divider--view-line elementor-widget elementor-widget-divider\" data-id=\"77d9feb\" data-element_type=\"widget\" data-widget_type=\"divider.default\">\n\t\t\t\t<div class=\"elementor-widget-container\">\n\t\t\t\t\t\t\t<div class=\"elementor-divider\">\n\t\t\t<span class=\"elementor-divider-separator\">\n\t\t\t\t\t\t<\/span>\n\t\t<\/div>\n\t\t\t\t\t\t<\/div>\n\t\t\t\t<\/div>\n\t\t\t\t\t<\/div>\n\t\t<\/div>\n\t\t\t\t\t<\/div>\n\t\t<\/section>\n\t\t\t\t<section class=\"elementor-section elementor-top-section elementor-element elementor-element-fa0184f elementor-section-boxed elementor-section-height-default elementor-section-height-default\" data-id=\"fa0184f\" data-element_type=\"section\">\n\t\t\t\t\t\t<div class=\"elementor-container elementor-column-gap-default\">\n\t\t\t\t\t<div class=\"elementor-column elementor-col-100 elementor-top-column elementor-element elementor-element-04695e5\" data-id=\"04695e5\" data-element_type=\"column\">\n\t\t\t<div class=\"elementor-widget-wrap elementor-element-populated\">\n\t\t\t\t\t\t<div class=\"elementor-element elementor-element-4e9de9a elementor-widget elementor-widget-image\" data-id=\"4e9de9a\" data-element_type=\"widget\" data-widget_type=\"image.default\">\n\t\t\t\t<div class=\"elementor-widget-container\">\n\t\t\t\t\t\t\t\t\t\t\t\t\t\t\t<img fetchpriority=\"high\" decoding=\"async\" width=\"768\" height=\"559\" src=\"https:\/\/www.acib.pt\/wp-content\/uploads\/2025\/05\/Noticias-Img-destaque-2-768x559.jpg\" class=\"attachment-medium_large size-medium_large wp-image-9945\" alt=\"\" srcset=\"https:\/\/www.acib.pt\/wp-content\/uploads\/2025\/05\/Noticias-Img-destaque-2-768x559.jpg 768w, https:\/\/www.acib.pt\/wp-content\/uploads\/2025\/05\/Noticias-Img-destaque-2-300x218.jpg 300w, https:\/\/www.acib.pt\/wp-content\/uploads\/2025\/05\/Noticias-Img-destaque-2-1024x745.jpg 1024w, https:\/\/www.acib.pt\/wp-content\/uploads\/2025\/05\/Noticias-Img-destaque-2-1536x1117.jpg 1536w, https:\/\/www.acib.pt\/wp-content\/uploads\/2025\/05\/Noticias-Img-destaque-2-2048x1490.jpg 2048w\" sizes=\"(max-width: 768px) 100vw, 768px\" \/>\t\t\t\t\t\t\t\t\t\t\t\t\t\t\t<\/div>\n\t\t\t\t<\/div>\n\t\t\t\t\t<\/div>\n\t\t<\/div>\n\t\t\t\t\t<\/div>\n\t\t<\/section>\n\t\t\t\t<section class=\"elementor-section elementor-top-section elementor-element elementor-element-e8aa76a elementor-section-boxed elementor-section-height-default elementor-section-height-default\" data-id=\"e8aa76a\" data-element_type=\"section\">\n\t\t\t\t\t\t<div class=\"elementor-container elementor-column-gap-default\">\n\t\t\t\t\t<div class=\"elementor-column elementor-col-100 elementor-top-column elementor-element elementor-element-f2bcc77\" data-id=\"f2bcc77\" data-element_type=\"column\">\n\t\t\t<div class=\"elementor-widget-wrap elementor-element-populated\">\n\t\t\t\t\t\t<div class=\"elementor-element elementor-element-ec323fe elementor-widget elementor-widget-text-editor\" data-id=\"ec323fe\" data-element_type=\"widget\" data-widget_type=\"text-editor.default\">\n\t\t\t\t<div class=\"elementor-widget-container\">\n\t\t\t\t\t\t\t\t\t<p>A ACIB \u2013 Associa\u00e7\u00e3o Comercial e Industrial da Bairrada realizou, no dia de ontem, as elei\u00e7\u00f5es para os seus \u00d3rg\u00e3os Sociais referentes ao mandato 2025\/2028.<br \/>Na sequ\u00eancia do ato eleitoral, Rui Reste, da empresa Manuel Reste &amp; Filhos, Lda. (Supermercados Ponto Fresco) foi eleito Presidente da Dire\u00e7\u00e3o, ap\u00f3s ter exercido anteriormente as fun\u00e7\u00f5es de Vice-Presidente. Mant\u00eam-se como Presidente da Assembleia Geral Rui Santos da Hegisantos \u2013 Produtos de Higiene e Limpeza Lda. e como Presidente do Conselho Fiscal Sofia Tribuna, da Bolseira \u2013 Embalagens SA.<\/p><p>Poder\u00e1 consultar a composi\u00e7\u00e3o de toda a equipa eleita, no site da ACIB em www.acib.pt<\/p><p>A nova lideran\u00e7a da ACIB refor\u00e7a o compromisso da Associa\u00e7\u00e3o com o desenvolvimento econ\u00f3mico e social da regi\u00e3o, sublinhando a import\u00e2ncia do associativismo empresarial como motor de representa\u00e7\u00e3o, apoio e valoriza\u00e7\u00e3o das empresas locais. Num contexto de desafios constantes, o trabalho conjunto entre empres\u00e1rios e estruturas associativas revela-se fundamental para promover a competitividade, a inova\u00e7\u00e3o e a coes\u00e3o do tecido empresarial.<\/p><p>A cerim\u00f3nia de tomada de posse dos novos \u00d3rg\u00e3os Sociais est\u00e1 prevista para o final do m\u00eas de junho, em data e local a anunciar brevemente.a<\/p>\t\t\t\t\t\t\t\t<\/div>\n\t\t\t\t<\/div>\n\t\t\t\t<div class=\"elementor-element elementor-element-a2a21ba elementor-align-center elementor-widget elementor-widget-button\" data-id=\"a2a21ba\" data-element_type=\"widget\" data-widget_type=\"button.default\">\n\t\t\t\t<div class=\"elementor-widget-container\">\n\t\t\t\t\t\t\t\t\t<div class=\"elementor-button-wrapper\">\n\t\t\t\t\t<a class=\"elementor-button elementor-button-link elementor-size-md\" href=\"https:\/\/www.acib.pt\/wp-content\/uploads\/2025\/05\/Orgaos_sociais_2025.pdf\" target=\"_blank\">\n\t\t\t\t\t\t<span class=\"elementor-button-content-wrapper\">\n\t\t\t\t\t\t\t\t\t<span class=\"elementor-button-text\">Consulte os org\u00e3os Sociais 2025<\/span>\n\t\t\t\t\t<\/span>\n\t\t\t\t\t<\/a>\n\t\t\t\t<\/div>\n\t\t\t\t\t\t\t\t<\/div>\n\t\t\t\t<\/div>\n\t\t\t\t\t<\/div>\n\t\t<\/div>\n\t\t\t\t\t<\/div>\n\t\t<\/section>\n\t\t\t\t<\/div>\n\t\t","protected":false},"excerpt":{"rendered":"<p>A cerim\u00f3nia de tomada de posse dos novos \u00d3rg\u00e3os Sociais est\u00e1 prevista para o final do m\u00eas de junho, em data e local a anunciar brevemente.<\/p>\n","protected":false},"author":5,"featured_media":9946,"comment_status":"closed","ping_status":"closed","sticky":false,"template":"","format":"standard","meta":{"footnotes":""},"categories":[44,6],"tags":[49,14],"class_list":["post-9936","post","type-post","status-publish","format-standard","has-post-thumbnail","hentry","category-eventos","category-noticias","tag-eventos","tag-noticias"],"yoast_head":"<!-- This site is optimized with the Yoast SEO plugin v26.1.1 - https:\/\/yoast.com\/wordpress\/plugins\/seo\/ -->\n<title>Elei\u00e7\u00f5es dos \u00d3rg\u00e3os Sociais da ACIB \u2013 Mandato 2025\/2028 - ACIB - Associa\u00e7\u00e3o Comercial e Industrial da Bairrada<\/title>\n<meta name=\"robots\" content=\"index, follow, max-snippet:-1, max-image-preview:large, max-video-preview:-1\" \/>\n<link rel=\"canonical\" href=\"https:\/\/www.acib.pt\/index.php\/2025\/05\/27\/eleicoes-dos-orgaos-sociais-da-acib-mandato-2025-2028\/\" \/>\n<meta property=\"og:locale\" content=\"pt_PT\" \/>\n<meta property=\"og:type\" content=\"article\" \/>\n<meta property=\"og:title\" content=\"Elei\u00e7\u00f5es dos \u00d3rg\u00e3os Sociais da ACIB \u2013 Mandato 2025\/2028 - ACIB - Associa\u00e7\u00e3o Comercial e Industrial da Bairrada\" \/>\n<meta property=\"og:description\" content=\"A cerim\u00f3nia de tomada de posse dos novos \u00d3rg\u00e3os Sociais est\u00e1 prevista para o final do m\u00eas de junho, em data e local a anunciar brevemente.\" \/>\n<meta property=\"og:url\" content=\"https:\/\/www.acib.pt\/index.php\/2025\/05\/27\/eleicoes-dos-orgaos-sociais-da-acib-mandato-2025-2028\/\" \/>\n<meta property=\"og:site_name\" content=\"ACIB - Associa\u00e7\u00e3o Comercial e Industrial da Bairrada\" \/>\n<meta property=\"article:published_time\" content=\"2025-05-27T14:01:57+00:00\" \/>\n<meta property=\"article:modified_time\" content=\"2025-05-30T12:14:44+00:00\" \/>\n<meta property=\"og:image\" content=\"https:\/\/www.acib.pt\/wp-content\/uploads\/2025\/05\/Noticias-Img-destaque-4-scaled.jpg\" \/>\n\t<meta property=\"og:image:width\" content=\"2560\" \/>\n\t<meta property=\"og:image:height\" content=\"1862\" \/>\n\t<meta property=\"og:image:type\" content=\"image\/jpeg\" \/>\n<meta name=\"author\" content=\"ACIB\" \/>\n<meta name=\"twitter:card\" content=\"summary_large_image\" \/>\n<meta name=\"twitter:label1\" content=\"Escrito por\" \/>\n\t<meta name=\"twitter:data1\" content=\"ACIB\" \/>\n\t<meta name=\"twitter:label2\" content=\"Tempo estimado de leitura\" \/>\n\t<meta name=\"twitter:data2\" content=\"1 minuto\" \/>\n<script type=\"application\/ld+json\" class=\"yoast-schema-graph\">{\"@context\":\"https:\/\/schema.org\",\"@graph\":[{\"@type\":\"Article\",\"@id\":\"https:\/\/www.acib.pt\/index.php\/2025\/05\/27\/eleicoes-dos-orgaos-sociais-da-acib-mandato-2025-2028\/#article\",\"isPartOf\":{\"@id\":\"https:\/\/www.acib.pt\/index.php\/2025\/05\/27\/eleicoes-dos-orgaos-sociais-da-acib-mandato-2025-2028\/\"},\"author\":{\"name\":\"ACIB\",\"@id\":\"https:\/\/www.acib.pt\/#\/schema\/person\/87cf67711dc2f6a1c6e18c2a668c28ef\"},\"headline\":\"Elei\u00e7\u00f5es dos \u00d3rg\u00e3os Sociais da ACIB \u2013 Mandato 2025\/2028\",\"datePublished\":\"2025-05-27T14:01:57+00:00\",\"dateModified\":\"2025-05-30T12:14:44+00:00\",\"mainEntityOfPage\":{\"@id\":\"https:\/\/www.acib.pt\/index.php\/2025\/05\/27\/eleicoes-dos-orgaos-sociais-da-acib-mandato-2025-2028\/\"},\"wordCount\":232,\"publisher\":{\"@id\":\"https:\/\/www.acib.pt\/#organization\"},\"image\":{\"@id\":\"https:\/\/www.acib.pt\/index.php\/2025\/05\/27\/eleicoes-dos-orgaos-sociais-da-acib-mandato-2025-2028\/#primaryimage\"},\"thumbnailUrl\":\"https:\/\/www.acib.pt\/wp-content\/uploads\/2025\/05\/Noticias-Img-destaque-4-scaled.jpg\",\"keywords\":[\"eventos\",\"Noticias\"],\"articleSection\":[\"Eventos\",\"Not\u00edcias\"],\"inLanguage\":\"pt-PT\"},{\"@type\":\"WebPage\",\"@id\":\"https:\/\/www.acib.pt\/index.php\/2025\/05\/27\/eleicoes-dos-orgaos-sociais-da-acib-mandato-2025-2028\/\",\"url\":\"https:\/\/www.acib.pt\/index.php\/2025\/05\/27\/eleicoes-dos-orgaos-sociais-da-acib-mandato-2025-2028\/\",\"name\":\"Elei\u00e7\u00f5es dos \u00d3rg\u00e3os Sociais da ACIB \u2013 Mandato 2025\/2028 - ACIB - Associa\u00e7\u00e3o Comercial e Industrial da Bairrada\",\"isPartOf\":{\"@id\":\"https:\/\/www.acib.pt\/#website\"},\"primaryImageOfPage\":{\"@id\":\"https:\/\/www.acib.pt\/index.php\/2025\/05\/27\/eleicoes-dos-orgaos-sociais-da-acib-mandato-2025-2028\/#primaryimage\"},\"image\":{\"@id\":\"https:\/\/www.acib.pt\/index.php\/2025\/05\/27\/eleicoes-dos-orgaos-sociais-da-acib-mandato-2025-2028\/#primaryimage\"},\"thumbnailUrl\":\"https:\/\/www.acib.pt\/wp-content\/uploads\/2025\/05\/Noticias-Img-destaque-4-scaled.jpg\",\"datePublished\":\"2025-05-27T14:01:57+00:00\",\"dateModified\":\"2025-05-30T12:14:44+00:00\",\"breadcrumb\":{\"@id\":\"https:\/\/www.acib.pt\/index.php\/2025\/05\/27\/eleicoes-dos-orgaos-sociais-da-acib-mandato-2025-2028\/#breadcrumb\"},\"inLanguage\":\"pt-PT\",\"potentialAction\":[{\"@type\":\"ReadAction\",\"target\":[\"https:\/\/www.acib.pt\/index.php\/2025\/05\/27\/eleicoes-dos-orgaos-sociais-da-acib-mandato-2025-2028\/\"]}]},{\"@type\":\"ImageObject\",\"inLanguage\":\"pt-PT\",\"@id\":\"https:\/\/www.acib.pt\/index.php\/2025\/05\/27\/eleicoes-dos-orgaos-sociais-da-acib-mandato-2025-2028\/#primaryimage\",\"url\":\"https:\/\/www.acib.pt\/wp-content\/uploads\/2025\/05\/Noticias-Img-destaque-4-scaled.jpg\",\"contentUrl\":\"https:\/\/www.acib.pt\/wp-content\/uploads\/2025\/05\/Noticias-Img-destaque-4-scaled.jpg\",\"width\":2560,\"height\":1862},{\"@type\":\"BreadcrumbList\",\"@id\":\"https:\/\/www.acib.pt\/index.php\/2025\/05\/27\/eleicoes-dos-orgaos-sociais-da-acib-mandato-2025-2028\/#breadcrumb\",\"itemListElement\":[{\"@type\":\"ListItem\",\"position\":1,\"name\":\"In\u00edcio\",\"item\":\"https:\/\/www.acib.pt\/\"},{\"@type\":\"ListItem\",\"position\":2,\"name\":\"Elei\u00e7\u00f5es dos \u00d3rg\u00e3os Sociais da ACIB \u2013 Mandato 2025\/2028\"}]},{\"@type\":\"WebSite\",\"@id\":\"https:\/\/www.acib.pt\/#website\",\"url\":\"https:\/\/www.acib.pt\/\",\"name\":\"ACIB - Associa\u00e7\u00e3o Comercial e Industrial da Bairrada\",\"description\":\"\",\"publisher\":{\"@id\":\"https:\/\/www.acib.pt\/#organization\"},\"potentialAction\":[{\"@type\":\"SearchAction\",\"target\":{\"@type\":\"EntryPoint\",\"urlTemplate\":\"https:\/\/www.acib.pt\/?s={search_term_string}\"},\"query-input\":{\"@type\":\"PropertyValueSpecification\",\"valueRequired\":true,\"valueName\":\"search_term_string\"}}],\"inLanguage\":\"pt-PT\"},{\"@type\":\"Organization\",\"@id\":\"https:\/\/www.acib.pt\/#organization\",\"name\":\"ACIB - Associa\u00e7\u00e3o Comercial e Industrial da Bairrada\",\"url\":\"https:\/\/www.acib.pt\/\",\"logo\":{\"@type\":\"ImageObject\",\"inLanguage\":\"pt-PT\",\"@id\":\"https:\/\/www.acib.pt\/#\/schema\/logo\/image\/\",\"url\":\"https:\/\/www.acib.pt\/wp-content\/uploads\/2022\/05\/logo-header.png\",\"contentUrl\":\"https:\/\/www.acib.pt\/wp-content\/uploads\/2022\/05\/logo-header.png\",\"width\":566,\"height\":800,\"caption\":\"ACIB - Associa\u00e7\u00e3o Comercial e Industrial da Bairrada\"},\"image\":{\"@id\":\"https:\/\/www.acib.pt\/#\/schema\/logo\/image\/\"}},{\"@type\":\"Person\",\"@id\":\"https:\/\/www.acib.pt\/#\/schema\/person\/87cf67711dc2f6a1c6e18c2a668c28ef\",\"name\":\"ACIB\",\"url\":\"https:\/\/www.acib.pt\/index.php\/author\/acib\/\"}]}<\/script>\n<!-- \/ Yoast SEO plugin. -->","yoast_head_json":{"title":"Elei\u00e7\u00f5es dos \u00d3rg\u00e3os Sociais da ACIB \u2013 Mandato 2025\/2028 - ACIB - Associa\u00e7\u00e3o Comercial e Industrial da Bairrada","robots":{"index":"index","follow":"follow","max-snippet":"max-snippet:-1","max-image-preview":"max-image-preview:large","max-video-preview":"max-video-preview:-1"},"canonical":"https:\/\/www.acib.pt\/index.php\/2025\/05\/27\/eleicoes-dos-orgaos-sociais-da-acib-mandato-2025-2028\/","og_locale":"pt_PT","og_type":"article","og_title":"Elei\u00e7\u00f5es dos \u00d3rg\u00e3os Sociais da ACIB \u2013 Mandato 2025\/2028 - ACIB - Associa\u00e7\u00e3o Comercial e Industrial da Bairrada","og_description":"A cerim\u00f3nia de tomada de posse dos novos \u00d3rg\u00e3os Sociais est\u00e1 prevista para o final do m\u00eas de junho, em data e local a anunciar brevemente.","og_url":"https:\/\/www.acib.pt\/index.php\/2025\/05\/27\/eleicoes-dos-orgaos-sociais-da-acib-mandato-2025-2028\/","og_site_name":"ACIB - Associa\u00e7\u00e3o Comercial e Industrial da Bairrada","article_published_time":"2025-05-27T14:01:57+00:00","article_modified_time":"2025-05-30T12:14:44+00:00","og_image":[{"width":2560,"height":1862,"url":"https:\/\/www.acib.pt\/wp-content\/uploads\/2025\/05\/Noticias-Img-destaque-4-scaled.jpg","type":"image\/jpeg"}],"author":"ACIB","twitter_card":"summary_large_image","twitter_misc":{"Escrito por":"ACIB","Tempo estimado de leitura":"1 minuto"},"schema":{"@context":"https:\/\/schema.org","@graph":[{"@type":"Article","@id":"https:\/\/www.acib.pt\/index.php\/2025\/05\/27\/eleicoes-dos-orgaos-sociais-da-acib-mandato-2025-2028\/#article","isPartOf":{"@id":"https:\/\/www.acib.pt\/index.php\/2025\/05\/27\/eleicoes-dos-orgaos-sociais-da-acib-mandato-2025-2028\/"},"author":{"name":"ACIB","@id":"https:\/\/www.acib.pt\/#\/schema\/person\/87cf67711dc2f6a1c6e18c2a668c28ef"},"headline":"Elei\u00e7\u00f5es dos \u00d3rg\u00e3os Sociais da ACIB \u2013 Mandato 2025\/2028","datePublished":"2025-05-27T14:01:57+00:00","dateModified":"2025-05-30T12:14:44+00:00","mainEntityOfPage":{"@id":"https:\/\/www.acib.pt\/index.php\/2025\/05\/27\/eleicoes-dos-orgaos-sociais-da-acib-mandato-2025-2028\/"},"wordCount":232,"publisher":{"@id":"https:\/\/www.acib.pt\/#organization"},"image":{"@id":"https:\/\/www.acib.pt\/index.php\/2025\/05\/27\/eleicoes-dos-orgaos-sociais-da-acib-mandato-2025-2028\/#primaryimage"},"thumbnailUrl":"https:\/\/www.acib.pt\/wp-content\/uploads\/2025\/05\/Noticias-Img-destaque-4-scaled.jpg","keywords":["eventos","Noticias"],"articleSection":["Eventos","Not\u00edcias"],"inLanguage":"pt-PT"},{"@type":"WebPage","@id":"https:\/\/www.acib.pt\/index.php\/2025\/05\/27\/eleicoes-dos-orgaos-sociais-da-acib-mandato-2025-2028\/","url":"https:\/\/www.acib.pt\/index.php\/2025\/05\/27\/eleicoes-dos-orgaos-sociais-da-acib-mandato-2025-2028\/","name":"Elei\u00e7\u00f5es dos \u00d3rg\u00e3os Sociais da ACIB \u2013 Mandato 2025\/2028 - ACIB - Associa\u00e7\u00e3o Comercial e Industrial da Bairrada","isPartOf":{"@id":"https:\/\/www.acib.pt\/#website"},"primaryImageOfPage":{"@id":"https:\/\/www.acib.pt\/index.php\/2025\/05\/27\/eleicoes-dos-orgaos-sociais-da-acib-mandato-2025-2028\/#primaryimage"},"image":{"@id":"https:\/\/www.acib.pt\/index.php\/2025\/05\/27\/eleicoes-dos-orgaos-sociais-da-acib-mandato-2025-2028\/#primaryimage"},"thumbnailUrl":"https:\/\/www.acib.pt\/wp-content\/uploads\/2025\/05\/Noticias-Img-destaque-4-scaled.jpg","datePublished":"2025-05-27T14:01:57+00:00","dateModified":"2025-05-30T12:14:44+00:00","breadcrumb":{"@id":"https:\/\/www.acib.pt\/index.php\/2025\/05\/27\/eleicoes-dos-orgaos-sociais-da-acib-mandato-2025-2028\/#breadcrumb"},"inLanguage":"pt-PT","potentialAction":[{"@type":"ReadAction","target":["https:\/\/www.acib.pt\/index.php\/2025\/05\/27\/eleicoes-dos-orgaos-sociais-da-acib-mandato-2025-2028\/"]}]},{"@type":"ImageObject","inLanguage":"pt-PT","@id":"https:\/\/www.acib.pt\/index.php\/2025\/05\/27\/eleicoes-dos-orgaos-sociais-da-acib-mandato-2025-2028\/#primaryimage","url":"https:\/\/www.acib.pt\/wp-content\/uploads\/2025\/05\/Noticias-Img-destaque-4-scaled.jpg","contentUrl":"https:\/\/www.acib.pt\/wp-content\/uploads\/2025\/05\/Noticias-Img-destaque-4-scaled.jpg","width":2560,"height":1862},{"@type":"BreadcrumbList","@id":"https:\/\/www.acib.pt\/index.php\/2025\/05\/27\/eleicoes-dos-orgaos-sociais-da-acib-mandato-2025-2028\/#breadcrumb","itemListElement":[{"@type":"ListItem","position":1,"name":"In\u00edcio","item":"https:\/\/www.acib.pt\/"},{"@type":"ListItem","position":2,"name":"Elei\u00e7\u00f5es dos \u00d3rg\u00e3os Sociais da ACIB \u2013 Mandato 2025\/2028"}]},{"@type":"WebSite","@id":"https:\/\/www.acib.pt\/#website","url":"https:\/\/www.acib.pt\/","name":"ACIB - Associa\u00e7\u00e3o Comercial e Industrial da Bairrada","description":"","publisher":{"@id":"https:\/\/www.acib.pt\/#organization"},"potentialAction":[{"@type":"SearchAction","target":{"@type":"EntryPoint","urlTemplate":"https:\/\/www.acib.pt\/?s={search_term_string}"},"query-input":{"@type":"PropertyValueSpecification","valueRequired":true,"valueName":"search_term_string"}}],"inLanguage":"pt-PT"},{"@type":"Organization","@id":"https:\/\/www.acib.pt\/#organization","name":"ACIB - Associa\u00e7\u00e3o Comercial e Industrial da Bairrada","url":"https:\/\/www.acib.pt\/","logo":{"@type":"ImageObject","inLanguage":"pt-PT","@id":"https:\/\/www.acib.pt\/#\/schema\/logo\/image\/","url":"https:\/\/www.acib.pt\/wp-content\/uploads\/2022\/05\/logo-header.png","contentUrl":"https:\/\/www.acib.pt\/wp-content\/uploads\/2022\/05\/logo-header.png","width":566,"height":800,"caption":"ACIB - Associa\u00e7\u00e3o Comercial e Industrial da Bairrada"},"image":{"@id":"https:\/\/www.acib.pt\/#\/schema\/logo\/image\/"}},{"@type":"Person","@id":"https:\/\/www.acib.pt\/#\/schema\/person\/87cf67711dc2f6a1c6e18c2a668c28ef","name":"ACIB","url":"https:\/\/www.acib.pt\/index.php\/author\/acib\/"}]}},"_links":{"self":[{"href":"https:\/\/www.acib.pt\/index.php\/wp-json\/wp\/v2\/posts\/9936","targetHints":{"allow":["GET"]}}],"collection":[{"href":"https:\/\/www.acib.pt\/index.php\/wp-json\/wp\/v2\/posts"}],"about":[{"href":"https:\/\/www.acib.pt\/index.php\/wp-json\/wp\/v2\/types\/post"}],"author":[{"embeddable":true,"href":"https:\/\/www.acib.pt\/index.php\/wp-json\/wp\/v2\/users\/5"}],"replies":[{"embeddable":true,"href":"https:\/\/www.acib.pt\/index.php\/wp-json\/wp\/v2\/comments?post=9936"}],"version-history":[{"count":15,"href":"https:\/\/www.acib.pt\/index.php\/wp-json\/wp\/v2\/posts\/9936\/revisions"}],"predecessor-version":[{"id":9962,"href":"https:\/\/www.acib.pt\/index.php\/wp-json\/wp\/v2\/posts\/9936\/revisions\/9962"}],"wp:featuredmedia":[{"embeddable":true,"href":"https:\/\/www.acib.pt\/index.php\/wp-json\/wp\/v2\/media\/9946"}],"wp:attachment":[{"href":"https:\/\/www.acib.pt\/index.php\/wp-json\/wp\/v2\/media?parent=9936"}],"wp:term":[{"taxonomy":"category","embeddable":true,"href":"https:\/\/www.acib.pt\/index.php\/wp-json\/wp\/v2\/categories?post=9936"},{"taxonomy":"post_tag","embeddable":true,"href":"https:\/\/www.acib.pt\/index.php\/wp-json\/wp\/v2\/tags?post=9936"}],"curies":[{"name":"wp","href":"https:\/\/api.w.org\/{rel}","templated":true}]}}